{"id":3979,"date":"2026-02-16T12:29:09","date_gmt":"2026-02-16T15:29:09","guid":{"rendered":"https:\/\/oexpressobr.com.br\/?p=3979"},"modified":"2026-02-16T12:29:11","modified_gmt":"2026-02-16T15:29:11","slug":"nuvem-funil-assusta-moradores-de-santo-antonio-do-caiua-e-marca-o-quinto-registro-do-fenomeno-no-parana-em-2026","status":"publish","type":"post","link":"https:\/\/oexpressobr.com.br\/?p=3979","title":{"rendered":"Nuvem funil assusta moradores de Santo Ant\u00f4nio do Caiu\u00e1 e marca o quinto registro do fen\u00f4meno no Paran\u00e1 em 2026"},"content":{"rendered":"\n<p class=\"wp-block-paragraph\">Um fen\u00f4meno meteorol\u00f3gico impressionante voltou a colocar os moradores do Noroeste do Paran\u00e1 em alerta. No \u00faltimo domingo, 15 de fevereiro de 2026, uma <strong>nuvem funil<\/strong> foi registrada em <strong>Santo Ant\u00f4nio do Caiu\u00e1<\/strong>. O flagrante, feito por moradores em uma \u00e1rea rural, mostra o cone de vento rotativo descendo da base de uma nuvem carregada, em um cen\u00e1rio de forte instabilidade clim\u00e1tica.<\/p>\n\n\n\n<p class=\"wp-block-paragraph\">\u200bEste \u00e9 o <strong>quinto registro<\/strong> oficial ou amplamente reportado do fen\u00f4meno no estado em menos de dois meses. Segundo o <strong>Simepar<\/strong> (Sistema de Tecnologia e Monitoramento Ambiental do Paran\u00e1), a frequ\u00eancia dessas forma\u00e7\u00f5es tem sido impulsionada pelas altas temperaturas e pela umidade elevada, t\u00edpicas do ver\u00e3o paranaense.<\/p>\n\n\n\n<h3 class=\"wp-block-heading\">\u200bEntenda o fen\u00f4meno e os riscos<\/h3>\n\n\n\n<p class=\"wp-block-paragraph\">\u200bA nuvem funil \u00e9 composta por gotas de \u00e1gua condensada, associada a uma coluna de ar que gira rapidamente. Embora visualmente impactante, ela s\u00f3 se torna perigosa para quem est\u00e1 no solo quando ocorre o toque na superf\u00edcie.<\/p>\n\n\n\n<ul class=\"wp-block-list\">\n<li>\u200b<strong>Nuvem Funil:<\/strong> Ocorre quando o redemoinho permanece suspenso no c\u00e9u.<\/li>\n\n\n\n<li>\u200b<strong>Tornado:<\/strong> \u00c9 a classifica\u00e7\u00e3o dada quando o funil toca o solo, podendo causar destrui\u00e7\u00e3o.<\/li>\n\n\n\n<li>\u200b<strong>Tromba d&#8217;\u00e1gua:<\/strong> Quando o fen\u00f4meno ocorre sobre rios, lagos ou mar.<\/li>\n<\/ul>\n\n\n\n<p class=\"wp-block-paragraph\">\u200bDe acordo com o meteorologista <strong>Samuel Braun<\/strong>, do Simepar, a nuvem registrada em Santo Ant\u00f4nio do Caiu\u00e1 \u00e9 o &#8220;est\u00e1gio inicial&#8221; de um tornado. &#8220;Ela se forma em nuvens de grande desenvolvimento vertical, como as <em>Cumulonimbus<\/em>. Se tocar o solo, a energia rotacional pode provocar ventos severos&#8221;, explica.<\/p>\n\n\n\n<h3 class=\"wp-block-heading\">\u200bHist\u00f3rico recente no Paran\u00e1 (Janeiro\/Fevereiro 2026)<\/h3>\n\n\n\n<p class=\"wp-block-paragraph\">\u200bA sequ\u00eancia de registros em 2026 mostra que o fen\u00f4meno n\u00e3o est\u00e1 restrito a uma \u00fanica regi\u00e3o:<\/p>\n\n\n\n<blockquote class=\"wp-block-quote is-layout-flow wp-block-quote-is-layout-flow\">\n<p class=\"wp-block-paragraph\"><strong>Nota de Seguran\u00e7a:<\/strong> A Defesa Civil orienta que, ao avistar uma nuvem funil, a popula\u00e7\u00e3o deve buscar abrigo em constru\u00e7\u00f5es de alvenaria e manter dist\u00e2ncia de janelas e objetos que possam ser lan\u00e7ados pelo vento.<\/p>\n<\/blockquote>\n\n\n\n<h3 class=\"wp-block-heading\">\u200bContexto Clim\u00e1tico<\/h3>\n\n\n\n<p class=\"wp-block-paragraph\">\u200bO aumento dessas ocorr\u00eancias coincide com a fase de transi\u00e7\u00e3o do fen\u00f4meno <strong>La Ni\u00f1a<\/strong> para a neutralidade clim\u00e1tica. Esse cen\u00e1rio favorece a entrada de frentes frias que, ao encontrarem o ar quente e abafado do Paran\u00e1, geram tempestades severas e as chamadas &#8220;superc\u00e9lulas&#8221;, ber\u00e7o das nuvens funil.<\/p>\n\n\n\n<p class=\"wp-block-paragraph\"><\/p>\n","protected":false},"excerpt":{"rendered":"<p>Um fen\u00f4meno meteorol\u00f3gico impressionante voltou a colocar os moradores do Noroeste do Paran\u00e1 em alerta. No \u00faltimo domingo, 15 de fevereiro de 2026, uma nuvem [&#8230;]<\/p>\n","protected":false},"author":1,"featured_media":3980,"comment_status":"open","ping_status":"open","sticky":false,"template":"","format":"standard","meta":{"_crdt_document":"","_jetpack_memberships_contains_paid_content":false,"footnotes":"","jetpack_publicize_message":"","jetpack_publicize_feature_enabled":true,"jetpack_social_post_already_shared":true,"jetpack_social_options":{"image_generator_settings":{"template":"highway","default_image_id":0,"font":"","enabled":false},"version":2}},"categories":[5],"tags":[],"class_list":["post-3979","post","type-post","status-publish","format-standard","has-post-thumbnail","hentry","category-parana"],"jetpack_publicize_connections":[],"jetpack_featured_media_url":"https:\/\/i0.wp.com\/oexpressobr.com.br\/wp-content\/uploads\/2026\/02\/httpsportalnorte.com_.brwp-adminpost.phppost-292629-action-edit-2026-02-16t103024.851.jpg?fit=984%2C656&ssl=1","jetpack_likes_enabled":true,"jetpack_sharing_enabled":true,"_links":{"self":[{"href":"https:\/\/oexpressobr.com.br\/index.php?rest_route=\/wp\/v2\/posts\/3979","targetHints":{"allow":["GET"]}}],"collection":[{"href":"https:\/\/oexpressobr.com.br\/index.php?rest_route=\/wp\/v2\/posts"}],"about":[{"href":"https:\/\/oexpressobr.com.br\/index.php?rest_route=\/wp\/v2\/types\/post"}],"author":[{"embeddable":true,"href":"https:\/\/oexpressobr.com.br\/index.php?rest_route=\/wp\/v2\/users\/1"}],"replies":[{"embeddable":true,"href":"https:\/\/oexpressobr.com.br\/index.php?rest_route=%2Fwp%2Fv2%2Fcomments&post=3979"}],"version-history":[{"count":1,"href":"https:\/\/oexpressobr.com.br\/index.php?rest_route=\/wp\/v2\/posts\/3979\/revisions"}],"predecessor-version":[{"id":3981,"href":"https:\/\/oexpressobr.com.br\/index.php?rest_route=\/wp\/v2\/posts\/3979\/revisions\/3981"}],"wp:featuredmedia":[{"embeddable":true,"href":"https:\/\/oexpressobr.com.br\/index.php?rest_route=\/wp\/v2\/media\/3980"}],"wp:attachment":[{"href":"https:\/\/oexpressobr.com.br\/index.php?rest_route=%2Fwp%2Fv2%2Fmedia&parent=3979"}],"wp:term":[{"taxonomy":"category","embeddable":true,"href":"https:\/\/oexpressobr.com.br\/index.php?rest_route=%2Fwp%2Fv2%2Fcategories&post=3979"},{"taxonomy":"post_tag","embeddable":true,"href":"https:\/\/oexpressobr.com.br\/index.php?rest_route=%2Fwp%2Fv2%2Ftags&post=3979"}],"curies":[{"name":"wp","href":"https:\/\/api.w.org\/{rel}","templated":true}]}}