{"id":3982,"date":"2026-02-16T12:34:05","date_gmt":"2026-02-16T15:34:05","guid":{"rendered":"https:\/\/oexpressobr.com.br\/?p=3982"},"modified":"2026-02-16T12:34:06","modified_gmt":"2026-02-16T15:34:06","slug":"academicos-de-niteroi-homenageia-lula-na-sapucai-e-oposicao-aciona-o-tse-por-propaganda-antecipada","status":"publish","type":"post","link":"https:\/\/oexpressobr.com.br\/?p=3982","title":{"rendered":"ACAD\u00caMICOS DE NITER\u00d3I homenageia Lula na Sapuca\u00ed e oposi\u00e7\u00e3o aciona o TSE por propaganda antecipada"},"content":{"rendered":"\n<p class=\"wp-block-paragraph\">\u200bA abertura do desfile do Grupo Especial do Rio de Janeiro, na noite deste domingo, 15 de fevereiro de 2026, transformou o Samb\u00f3dromo em uma arena de disputa pol\u00edtica. A <strong>Acad\u00eamicos de Niter\u00f3i<\/strong>, estreante na elite do Carnaval, levou para a avenida o enredo <em>&#8220;Do alto do Mulungu surge a esperan\u00e7a: Lula, o oper\u00e1rio do Brasil&#8221;<\/em>, uma homenagem direta \u00e0 trajet\u00f3ria do atual presidente.<\/p>\n\n\n\n<p class=\"wp-block-paragraph\">\u200bA apresenta\u00e7\u00e3o, desenvolvida pelo carnavalesco Tiago Martins, narrou a vida de Luiz In\u00e1cio Lula da Silva sob a perspectiva de sua m\u00e3e, Dona Lindu. O desfile percorreu desde a inf\u00e2ncia sofrida em Garanhuns (PE) e a viagem em um caminh\u00e3o &#8220;pau-de-arara&#8221; at\u00e9 a consagra\u00e7\u00e3o pol\u00edtica em Bras\u00edlia, destacando a fase de torneiro mec\u00e2nico no ABC Paulista e as greves da ditadura militar.<\/p>\n\n\n\n<h3 class=\"wp-block-heading\">\u200bPol\u00eamicas e s\u00e1tiras pol\u00edticas<\/h3>\n\n\n\n<p class=\"wp-block-paragraph\">\u200bAl\u00e9m da exalta\u00e7\u00e3o ao presidente, a escola n\u00e3o poupou cr\u00edticas a advers\u00e1rios pol\u00edticos. Uma das alegorias gerou forte repercuss\u00e3o ao trazer uma representa\u00e7\u00e3o de um <strong>&#8220;palha\u00e7o preso&#8221;<\/strong> utilizando tornozeleira eletr\u00f4nica, em clara alus\u00e3o ao ex-presidente Jair Bolsonaro. Outros elementos simb\u00f3licos citaram o &#8220;roubo&#8221; da faixa presidencial de Dilma Rousseff por Michel Temer, elevando a temperatura ideol\u00f3gica na Sapuca\u00ed.<\/p>\n\n\n\n<p class=\"wp-block-paragraph\">\u200bLula acompanhou o desfile de um camarote da prefeitura, ao lado do prefeito Eduardo Paes e de ministros. A primeira-dama, <strong>Janja da Silva<\/strong>, que chegou a ter sua participa\u00e7\u00e3o cogitada no desfile, optou por assistir \u00e0 apresenta\u00e7\u00e3o ao lado do marido, ap\u00f3s uma breve passagem pela avenida.<\/p>\n\n\n\n<h3 class=\"wp-block-heading\">\u200bOfensiva jur\u00eddica da oposi\u00e7\u00e3o<\/h3>\n\n\n\n<p class=\"wp-block-paragraph\">\u200bA homenagem, no entanto, pode ter um custo jur\u00eddico elevado. Parlamentares da oposi\u00e7\u00e3o, liderados por nomes como <strong>Fl\u00e1vio Bolsonaro<\/strong> e partidos como o <strong>Novo<\/strong>, classificaram o desfile como &#8220;abuso de poder pol\u00edtico e econ\u00f4mico&#8221;.<\/p>\n\n\n\n<blockquote class=\"wp-block-quote is-layout-flow wp-block-quote-is-layout-flow\">\n<p class=\"wp-block-paragraph\">\u200b&#8221;Nossa a\u00e7\u00e3o contra os crimes do PT na Sapuca\u00ed, com dinheiro p\u00fablico, ser\u00e1 protocolada rapidamente no TSE!&#8221;, afirmou o senador Fl\u00e1vio Bolsonaro em suas redes sociais nesta segunda-feira, 16.<\/p>\n<\/blockquote>\n\n\n\n<p class=\"wp-block-paragraph\">\u200bOs principais pontos de contesta\u00e7\u00e3o s\u00e3o:<\/p>\n\n\n\n<ul class=\"wp-block-list\">\n<li>\u200b<strong>Propaganda Eleitoral Antecipada:<\/strong> A oposi\u00e7\u00e3o argumenta que o desfile configura promo\u00e7\u00e3o indevida de um pr\u00e9-candidato \u00e0 reelei\u00e7\u00e3o em ano eleitoral.<\/li>\n\n\n\n<li>\u200b<strong>Uso de Verba P\u00fablica:<\/strong> Questiona-se o repasse de cerca de R$ 1 milh\u00e3o via Embratur e R$ 4,4 milh\u00f5es da Prefeitura de Niter\u00f3i para a agremia\u00e7\u00e3o.<\/li>\n\n\n\n<li>\u200b<strong>Risco de Inelegibilidade:<\/strong> O Partido Novo estuda protocolar um pedido que pode levar \u00e0 inelegibilidade de Lula, alegando o sequestro de uma manifesta\u00e7\u00e3o cultural para fins eleitoreiros.<\/li>\n<\/ul>\n\n\n\n<h3 class=\"wp-block-heading\">\u200bDesempenho t\u00e9cnico sob press\u00e3o<\/h3>\n\n\n\n<p class=\"wp-block-paragraph\">\u200bApesar do forte apelo emocional e pol\u00edtico, a Acad\u00eamicos de Niter\u00f3i enfrentou problemas t\u00e9cnicos. Cr\u00edticos apontaram falhas em <strong>alegorias e fantasias<\/strong>, que pareceram aqu\u00e9m do luxo esperado para o Grupo Especial. Especialistas do setor avaliam que a escola pode ser penalizada nos quesitos pl\u00e1sticos, o que, somado \u00e0 pol\u00eamica jur\u00eddica, coloca a agremia\u00e7\u00e3o em uma posi\u00e7\u00e3o delicada na apura\u00e7\u00e3o que ocorrer\u00e1 na pr\u00f3xima quarta-feira de cinzas.<\/p>\n\n\n\n<p class=\"wp-block-paragraph\">\u200bO TSE, que j\u00e1 havia negado pedidos de liminar para barrar o desfile antes do Carnaval preservando a liberdade de express\u00e3o, agora dever\u00e1 analisar o m\u00e9rito das a\u00e7\u00f5es que focam no impacto eleitoral da exibi\u00e7\u00e3o.<\/p>\n\n\n\n<p class=\"wp-block-paragraph\"><\/p>\n","protected":false},"excerpt":{"rendered":"<p>\u200bA abertura do desfile do Grupo Especial do Rio de Janeiro, na noite deste domingo, 15 de fevereiro de 2026, transformou o Samb\u00f3dromo em uma [&#8230;]<\/p>\n","protected":false},"author":1,"featured_media":3983,"comment_status":"open","ping_status":"open","sticky":false,"template":"","format":"standard","meta":{"_crdt_document":"","_jetpack_memberships_contains_paid_content":false,"footnotes":"","jetpack_publicize_message":"","jetpack_publicize_feature_enabled":true,"jetpack_social_post_already_shared":true,"jetpack_social_options":{"image_generator_settings":{"template":"highway","default_image_id":0,"font":"","enabled":false},"version":2}},"categories":[3],"tags":[],"class_list":["post-3982","post","type-post","status-publish","format-standard","has-post-thumbnail","hentry","category-brasil"],"jetpack_publicize_connections":[],"jetpack_featured_media_url":"https:\/\/i0.wp.com\/oexpressobr.com.br\/wp-content\/uploads\/2026\/02\/IMG-20260216-WA0229.jpg?fit=800%2C1000&ssl=1","jetpack_likes_enabled":true,"jetpack_sharing_enabled":true,"_links":{"self":[{"href":"https:\/\/oexpressobr.com.br\/index.php?rest_route=\/wp\/v2\/posts\/3982","targetHints":{"allow":["GET"]}}],"collection":[{"href":"https:\/\/oexpressobr.com.br\/index.php?rest_route=\/wp\/v2\/posts"}],"about":[{"href":"https:\/\/oexpressobr.com.br\/index.php?rest_route=\/wp\/v2\/types\/post"}],"author":[{"embeddable":true,"href":"https:\/\/oexpressobr.com.br\/index.php?rest_route=\/wp\/v2\/users\/1"}],"replies":[{"embeddable":true,"href":"https:\/\/oexpressobr.com.br\/index.php?rest_route=%2Fwp%2Fv2%2Fcomments&post=3982"}],"version-history":[{"count":1,"href":"https:\/\/oexpressobr.com.br\/index.php?rest_route=\/wp\/v2\/posts\/3982\/revisions"}],"predecessor-version":[{"id":3984,"href":"https:\/\/oexpressobr.com.br\/index.php?rest_route=\/wp\/v2\/posts\/3982\/revisions\/3984"}],"wp:featuredmedia":[{"embeddable":true,"href":"https:\/\/oexpressobr.com.br\/index.php?rest_route=\/wp\/v2\/media\/3983"}],"wp:attachment":[{"href":"https:\/\/oexpressobr.com.br\/index.php?rest_route=%2Fwp%2Fv2%2Fmedia&parent=3982"}],"wp:term":[{"taxonomy":"category","embeddable":true,"href":"https:\/\/oexpressobr.com.br\/index.php?rest_route=%2Fwp%2Fv2%2Fcategories&post=3982"},{"taxonomy":"post_tag","embeddable":true,"href":"https:\/\/oexpressobr.com.br\/index.php?rest_route=%2Fwp%2Fv2%2Ftags&post=3982"}],"curies":[{"name":"wp","href":"https:\/\/api.w.org\/{rel}","templated":true}]}}