{"id":3985,"date":"2026-02-16T12:39:35","date_gmt":"2026-02-16T15:39:35","guid":{"rendered":"https:\/\/oexpressobr.com.br\/?p=3985"},"modified":"2026-02-16T12:39:36","modified_gmt":"2026-02-16T15:39:36","slug":"lula-exalta-sapucai-e-oposicao-aciona-tse-contra-desfile-da-academicos-de-niteroi","status":"publish","type":"post","link":"https:\/\/oexpressobr.com.br\/?p=3985","title":{"rendered":"Lula exalta Sapuca\u00ed e oposi\u00e7\u00e3o aciona TSE contra desfile da Acad\u00eamicos de Niter\u00f3i"},"content":{"rendered":"\n<p class=\"wp-block-paragraph\">Ap\u00f3s um domingo de intensas emo\u00e7\u00f5es e pol\u00eamicas na Marqu\u00eas de Sapuca\u00ed, o presidente <strong>Luiz In\u00e1cio Lula da Silva<\/strong> utilizou suas redes sociais na manh\u00e3 desta segunda-feira, 16, para comentar sua passagem pelo Carnaval carioca. O tom de celebra\u00e7\u00e3o do mandat\u00e1rio, no entanto, contrasta com o clima de ofensiva jur\u00eddica nos bastidores de Bras\u00edlia.<\/p>\n\n\n\n<h3 class=\"wp-block-heading\">\u200bA declara\u00e7\u00e3o do presidente<\/h3>\n\n\n\n<p class=\"wp-block-paragraph\">\u200bLula, que cumpriu uma agenda carnavalesca extensa passando por <strong>Recife e Salvador<\/strong>, encerrou o ciclo no Rio de Janeiro. Em postagem oficial, ele destacou a relev\u00e2ncia cultural e econ\u00f4mica do evento:<\/p>\n\n\n\n<blockquote class=\"wp-block-quote is-layout-flow wp-block-quote-is-layout-flow\">\n<p class=\"wp-block-paragraph\">\u200b&#8221;Tive a honra e a alegria de acompanhar o desfile da Acad\u00eamicos de Niter\u00f3i, Imperatriz Leopoldinense, Portela e Esta\u00e7\u00e3o Primeira de Mangueira. Muita emo\u00e7\u00e3o. O Rio \u00e9 uma refer\u00eancia mundial de Carnaval e de turismo.&#8221;<\/p>\n<\/blockquote>\n\n\n\n<p class=\"wp-block-paragraph\">\u200bO destaque para a <strong>Acad\u00eamicos de Niter\u00f3i<\/strong> n\u00e3o foi por acaso. A agremia\u00e7\u00e3o levou para a avenida um enredo que homenageou a trajet\u00f3ria do presidente, gerando rea\u00e7\u00f5es imediatas tanto nas arquibancadas quanto no cen\u00e1rio pol\u00edtico.<\/p>\n\n\n\n<h3 class=\"wp-block-heading\">\u200bOfensiva jur\u00eddica: Oposi\u00e7\u00e3o fala em abuso de poder<\/h3>\n\n\n\n<p class=\"wp-block-paragraph\">\u200bA homenagem n\u00e3o foi bem recebida pelos setores oposicionistas. O senador <strong>Fl\u00e1vio Bolsonaro<\/strong> e integrantes do <strong>partido Novo<\/strong> j\u00e1 articulam medidas legais para investigar a viabilidade do desfile sob a \u00f3tica da legisla\u00e7\u00e3o eleitoral e do uso de recursos p\u00fablicos.<\/p>\n\n\n\n<p class=\"wp-block-paragraph\">\u200b<strong>Os principais pontos da contesta\u00e7\u00e3o incluem:<\/strong><\/p>\n\n\n\n<ul class=\"wp-block-list\">\n<li>\u200b<strong>Uso de Verbas P\u00fablicas:<\/strong> Investiga\u00e7\u00e3o sobre se repasses governamentais ou incentivos fiscais (como a Lei Rouanet) foram direcionados para uma promo\u00e7\u00e3o personalista da figura do presidente.<\/li>\n\n\n\n<li>\u200b<strong>Campanha Antecipada:<\/strong> A oposi\u00e7\u00e3o argumenta junto ao <strong>Tribunal Superior Eleitoral (TSE)<\/strong> que o desfile pode ser configurado como propaganda pol\u00edtica irregular fora do per\u00edodo permitido.<\/li>\n\n\n\n<li>\u200b<strong>Isonomia:<\/strong> Questionamentos sobre o equil\u00edbrio do pleito democr\u00e1tico diante de uma exposi\u00e7\u00e3o de tamanha magnitude em hor\u00e1rio nobre da televis\u00e3o nacional.<\/li>\n<\/ul>\n\n\n\n<h3 class=\"wp-block-heading\">\u200bPr\u00f3ximos Passos<\/h3>\n\n\n\n<p class=\"wp-block-paragraph\">\u200bEnquanto os v\u00eddeos das arquibancadas divididas entre aplausos e vaias viralizam, o corpo jur\u00eddico do governo se prepara para a defesa. A tese central da base governista \u00e9 de que o Carnaval \u00e9 uma manifesta\u00e7\u00e3o cultural de livre express\u00e3o e que a escola de samba possui autonomia para escolher seus enredos.<\/p>\n\n\n\n<p class=\"wp-block-paragraph\">\u200bO TSE deve analisar as primeiras representa\u00e7\u00f5es ainda esta semana, o que pode abrir um precedente importante sobre os limites entre a <strong>homenagem cultural<\/strong> e a <strong>promo\u00e7\u00e3o pol\u00edtica<\/strong> em grandes eventos populares.<\/p>\n","protected":false},"excerpt":{"rendered":"<p>Ap\u00f3s um domingo de intensas emo\u00e7\u00f5es e pol\u00eamicas na Marqu\u00eas de Sapuca\u00ed, o presidente Luiz In\u00e1cio Lula da Silva utilizou suas redes sociais na manh\u00e3 [&#8230;]<\/p>\n","protected":false},"author":1,"featured_media":3986,"comment_status":"open","ping_status":"open","sticky":false,"template":"","format":"standard","meta":{"_crdt_document":"","_jetpack_memberships_contains_paid_content":false,"footnotes":"","jetpack_publicize_message":"","jetpack_publicize_feature_enabled":true,"jetpack_social_post_already_shared":true,"jetpack_social_options":{"image_generator_settings":{"template":"highway","default_image_id":0,"font":"","enabled":false},"version":2}},"categories":[3],"tags":[],"class_list":["post-3985","post","type-post","status-publish","format-standard","has-post-thumbnail","hentry","category-brasil"],"jetpack_publicize_connections":[],"jetpack_featured_media_url":"https:\/\/i0.wp.com\/oexpressobr.com.br\/wp-content\/uploads\/2026\/02\/IMG-20260216-WA0230.jpg?fit=800%2C1000&ssl=1","jetpack_likes_enabled":true,"jetpack_sharing_enabled":true,"_links":{"self":[{"href":"https:\/\/oexpressobr.com.br\/index.php?rest_route=\/wp\/v2\/posts\/3985","targetHints":{"allow":["GET"]}}],"collection":[{"href":"https:\/\/oexpressobr.com.br\/index.php?rest_route=\/wp\/v2\/posts"}],"about":[{"href":"https:\/\/oexpressobr.com.br\/index.php?rest_route=\/wp\/v2\/types\/post"}],"author":[{"embeddable":true,"href":"https:\/\/oexpressobr.com.br\/index.php?rest_route=\/wp\/v2\/users\/1"}],"replies":[{"embeddable":true,"href":"https:\/\/oexpressobr.com.br\/index.php?rest_route=%2Fwp%2Fv2%2Fcomments&post=3985"}],"version-history":[{"count":1,"href":"https:\/\/oexpressobr.com.br\/index.php?rest_route=\/wp\/v2\/posts\/3985\/revisions"}],"predecessor-version":[{"id":3987,"href":"https:\/\/oexpressobr.com.br\/index.php?rest_route=\/wp\/v2\/posts\/3985\/revisions\/3987"}],"wp:featuredmedia":[{"embeddable":true,"href":"https:\/\/oexpressobr.com.br\/index.php?rest_route=\/wp\/v2\/media\/3986"}],"wp:attachment":[{"href":"https:\/\/oexpressobr.com.br\/index.php?rest_route=%2Fwp%2Fv2%2Fmedia&parent=3985"}],"wp:term":[{"taxonomy":"category","embeddable":true,"href":"https:\/\/oexpressobr.com.br\/index.php?rest_route=%2Fwp%2Fv2%2Fcategories&post=3985"},{"taxonomy":"post_tag","embeddable":true,"href":"https:\/\/oexpressobr.com.br\/index.php?rest_route=%2Fwp%2Fv2%2Ftags&post=3985"}],"curies":[{"name":"wp","href":"https:\/\/api.w.org\/{rel}","templated":true}]}}