{"id":399,"date":"2025-12-08T06:52:56","date_gmt":"2025-12-08T09:52:56","guid":{"rendered":"https:\/\/oexpressobr.com.br\/?p=399"},"modified":"2025-12-08T06:52:56","modified_gmt":"2025-12-08T09:52:56","slug":"ministerio-publico-federal-reconhece-erro-na-atribuicao-de-queixa-crime-a-area-incorreta","status":"publish","type":"post","link":"https:\/\/oexpressobr.com.br\/?p=399","title":{"rendered":"Minist\u00e9rio P\u00fablico Federal Reconhece Erro na Atribui\u00e7\u00e3o de Queixa-Crime a \u00c1rea Incorreta"},"content":{"rendered":"\n<p class=\"wp-block-paragraph\">O Minist\u00e9rio P\u00fablico Federal (MPF) se viu recentemente no centro de um debate interno sobre a correta <strong>atribui\u00e7\u00e3o<\/strong> de procedimentos, ap\u00f3s um procurador da Rep\u00fablica apontar que uma <strong>queixa-crime<\/strong> foi, inicialmente, encaminhada para a <strong>\u00e1rea errada<\/strong> dentro da institui\u00e7\u00e3o. O caso, que exemplifica as nuances do fluxo de trabalho no \u00f3rg\u00e3o, traz \u00e0 tona a import\u00e2ncia da correta classifica\u00e7\u00e3o de mat\u00e9rias para garantir o andamento adequado dos processos judiciais e o cumprimento de prazos.<\/p>\n\n\n\n<p class=\"wp-block-paragraph\">\u200bDe acordo com as informa\u00e7\u00f5es apuradas, o membro do MPF em quest\u00e3o teria ressaltado que a mat\u00e9ria possu\u00eda <strong>cunho criminal<\/strong> e, portanto, deveria ter sido atribu\u00edda aos of\u00edcios com atua\u00e7\u00e3o na <strong>\u00e1rea criminal<\/strong>, os quais est\u00e3o vinculados \u00e0 2\u00aa C\u00e2mara de Coordena\u00e7\u00e3o e Revis\u00e3o (CCR) do Minist\u00e9rio P\u00fablico Federal.<\/p>\n\n\n\n<h3 class=\"wp-block-heading\">\u200bA Distin\u00e7\u00e3o Crucial: Queixa-Crime e Atribui\u00e7\u00f5es<\/h3>\n\n\n\n<p class=\"wp-block-paragraph\">\u200bA confus\u00e3o na distribui\u00e7\u00e3o de processos dentro do MPF pode ocorrer devido \u00e0 complexa natureza das mat\u00e9rias e \u00e0 distin\u00e7\u00e3o entre os tipos de a\u00e7\u00f5es penais. No Brasil, o in\u00edcio de uma <strong>a\u00e7\u00e3o penal<\/strong> pode se dar por:<\/p>\n\n\n\n<ul class=\"wp-block-list\">\n<li>\u200b<strong>Den\u00fancia<\/strong>: Pe\u00e7a inicial oferecida pelo Minist\u00e9rio P\u00fablico em a\u00e7\u00f5es penais <strong>p\u00fablicas<\/strong>.<\/li>\n\n\n\n<li>\u200b<strong>Queixa-crime<\/strong>: Pe\u00e7a inicial apresentada pela <strong>pr\u00f3pria v\u00edtima<\/strong> ou seu representante legal, por meio de advogado, em a\u00e7\u00f5es penais <strong>privadas<\/strong>.<\/li>\n<\/ul>\n\n\n\n<p class=\"wp-block-paragraph\">\u200bEmbora o MPF n\u00e3o seja o autor da queixa-crime, ele tem o papel fundamental de <strong>intervir<\/strong> em todos os termos subsequentes do processo, podendo, inclusive, <strong>aditar<\/strong> a queixa. Por isso, a correta atribui\u00e7\u00e3o da mat\u00e9ria \u00e9 vital. A 2\u00aa C\u00e2mara de Coordena\u00e7\u00e3o e Revis\u00e3o (CCR) do MPF \u00e9 o \u00f3rg\u00e3o que acompanha a atua\u00e7\u00e3o da institui\u00e7\u00e3o na \u00e1rea <strong>Criminal<\/strong>, o que justifica a observa\u00e7\u00e3o do procurador sobre o encaminhamento.<\/p>\n\n\n\n<h3 class=\"wp-block-heading\">\u200bCasos Recentes e a Relev\u00e2ncia do Encaminhamento Correto<\/h3>\n\n\n\n<p class=\"wp-block-paragraph\">\u200bA correta identifica\u00e7\u00e3o da \u00e1rea de atribui\u00e7\u00e3o n\u00e3o \u00e9 apenas uma quest\u00e3o burocr\u00e1tica, mas uma medida que afeta a celeridade e a validade dos atos processuais. Um caso recente que ilustra a import\u00e2ncia do tema \u00e9 o <strong>arquivamento<\/strong> de uma queixa-crime apresentada por um parlamentar contra um ex-servidor que o havia acusado de desviar emendas. O membro do MPF que atuou no caso, conforme noticiado, frisou que a mat\u00e9ria era <strong>criminal<\/strong>, reafirmando a atribui\u00e7\u00e3o dos of\u00edcios ligados \u00e0 2\u00aa CCR. A decis\u00e3o de arquivar ou n\u00e3o a queixa-crime, bem como sua an\u00e1lise, depende diretamente de ser conduzida pelo setor especializado.<\/p>\n\n\n\n<p class=\"wp-block-paragraph\">\u200bO epis\u00f3dio serve como um lembrete das rigorosas regras de compet\u00eancia e atribui\u00e7\u00e3o que regem a atua\u00e7\u00e3o do Minist\u00e9rio P\u00fablico e a necessidade de fluxos internos eficientes para garantir que cada caso seja analisado pelo procurador e pela \u00e1rea mais tecnicamente adequada.<\/p>\n\n\n\n<h3 class=\"wp-block-heading\">\u200b\u00daltimas Novidades no MPF<\/h3>\n\n\n\n<p class=\"wp-block-paragraph\">\u200bO cen\u00e1rio da atua\u00e7\u00e3o do MPF segue din\u00e2mico, com a institui\u00e7\u00e3o envolvida em diversas frentes:<\/p>\n\n\n\n<ul class=\"wp-block-list\">\n<li>\u200b<strong>Acordos de N\u00e3o Persecu\u00e7\u00e3o Penal (ANPP):<\/strong> O MPF tem utilizado o ANPP em casos de crimes de menor potencial ofensivo, visando a celeridade processual em troca do cumprimento de medidas alternativas, como visto em processos relacionados aos atos antidemocr\u00e1ticos de 8 de janeiro de 2023.<\/li>\n\n\n\n<li>\u200b<strong>A\u00e7\u00f5es de Improbidade e Ambientais:<\/strong> O \u00f3rg\u00e3o continua ajuizando a\u00e7\u00f5es de improbidade e requerendo o cumprimento de decis\u00f5es, como no Par\u00e1, onde pediu o pagamento de indeniza\u00e7\u00e3o e a recomposi\u00e7\u00e3o de \u00e1rea desmatada em casos de fraude.<\/li>\n<\/ul>\n\n\n\n<p class=\"wp-block-paragraph\">\u200bA aten\u00e7\u00e3o do procurador em corrigir o erro de atribui\u00e7\u00e3o da queixa-crime sublinha a <strong>vigil\u00e2ncia<\/strong> constante que o MPF precisa exercer sobre seus pr\u00f3prios procedimentos para manter a <strong>legalidade<\/strong> e a <strong>efic\u00e1cia<\/strong> de sua atua\u00e7\u00e3o.<\/p>\n","protected":false},"excerpt":{"rendered":"<p>O Minist\u00e9rio P\u00fablico Federal (MPF) se viu recentemente no centro de um debate interno sobre a correta atribui\u00e7\u00e3o de procedimentos, ap\u00f3s um procurador da Rep\u00fablica [&#8230;]<\/p>\n","protected":false},"author":1,"featured_media":400,"comment_status":"open","ping_status":"open","sticky":false,"template":"","format":"standard","meta":{"_crdt_document":"","_jetpack_memberships_contains_paid_content":false,"footnotes":"","jetpack_publicize_message":"","jetpack_publicize_feature_enabled":true,"jetpack_social_post_already_shared":false,"jetpack_social_options":{"image_generator_settings":{"template":"highway","default_image_id":0,"font":"","enabled":false},"version":2}},"categories":[8],"tags":[],"class_list":["post-399","post","type-post","status-publish","format-standard","has-post-thumbnail","hentry","category-judiciario"],"jetpack_publicize_connections":[],"jetpack_featured_media_url":"https:\/\/i0.wp.com\/oexpressobr.com.br\/wp-content\/uploads\/2025\/12\/IMG_1633.jpeg?fit=414%2C280&ssl=1","jetpack_likes_enabled":true,"jetpack_sharing_enabled":true,"_links":{"self":[{"href":"https:\/\/oexpressobr.com.br\/index.php?rest_route=\/wp\/v2\/posts\/399","targetHints":{"allow":["GET"]}}],"collection":[{"href":"https:\/\/oexpressobr.com.br\/index.php?rest_route=\/wp\/v2\/posts"}],"about":[{"href":"https:\/\/oexpressobr.com.br\/index.php?rest_route=\/wp\/v2\/types\/post"}],"author":[{"embeddable":true,"href":"https:\/\/oexpressobr.com.br\/index.php?rest_route=\/wp\/v2\/users\/1"}],"replies":[{"embeddable":true,"href":"https:\/\/oexpressobr.com.br\/index.php?rest_route=%2Fwp%2Fv2%2Fcomments&post=399"}],"version-history":[{"count":0,"href":"https:\/\/oexpressobr.com.br\/index.php?rest_route=\/wp\/v2\/posts\/399\/revisions"}],"wp:featuredmedia":[{"embeddable":true,"href":"https:\/\/oexpressobr.com.br\/index.php?rest_route=\/wp\/v2\/media\/400"}],"wp:attachment":[{"href":"https:\/\/oexpressobr.com.br\/index.php?rest_route=%2Fwp%2Fv2%2Fmedia&parent=399"}],"wp:term":[{"taxonomy":"category","embeddable":true,"href":"https:\/\/oexpressobr.com.br\/index.php?rest_route=%2Fwp%2Fv2%2Fcategories&post=399"},{"taxonomy":"post_tag","embeddable":true,"href":"https:\/\/oexpressobr.com.br\/index.php?rest_route=%2Fwp%2Fv2%2Ftags&post=399"}],"curies":[{"name":"wp","href":"https:\/\/api.w.org\/{rel}","templated":true}]}}