{"id":3994,"date":"2026-02-16T12:57:57","date_gmt":"2026-02-16T15:57:57","guid":{"rendered":"https:\/\/oexpressobr.com.br\/?p=3994"},"modified":"2026-02-16T12:57:59","modified_gmt":"2026-02-16T15:57:59","slug":"homenagem-a-lula-na-sapucai-e-repercussao-internacional-divide-opinioes-sobre-campanha-antecipada","status":"publish","type":"post","link":"https:\/\/oexpressobr.com.br\/?p=3994","title":{"rendered":"Homenagem a Lula na Sapuca\u00ed e repercuss\u00e3o internacional divide opini\u00f5es sobre campanha antecipada"},"content":{"rendered":"\n<p class=\"wp-block-paragraph\">\u200bO desfile da <strong>Acad\u00eamicos de Niter\u00f3i<\/strong>, que marcou a estreia da agremia\u00e7\u00e3o no Grupo Especial do Carnaval do Rio de Janeiro na noite deste domingo (15\/2), transp\u00f4s as fronteiras da Marqu\u00eas de Sapuca\u00ed e ecoou nas p\u00e1ginas da imprensa global. Com o enredo <em>&#8220;Lula, o oper\u00e1rio do Brasil&#8221;<\/em>, a escola trouxe para a avenida a trajet\u00f3ria do atual presidente, gerando um intenso debate sobre os limites entre a manifesta\u00e7\u00e3o cultural e a propaganda eleitoral, especialmente em um ano em que o petista busca a reelei\u00e7\u00e3o.<\/p>\n\n\n\n<h3 class=\"wp-block-heading\">\u200bA vis\u00e3o internacional: Entre o mito e a pol\u00eamica<\/h3>\n\n\n\n<p class=\"wp-block-paragraph\">\u200bVe\u00edculos de comunica\u00e7\u00e3o estrangeiros destacaram a simbiose entre a maior festa popular do mundo e o cen\u00e1rio pol\u00edtico brasileiro de 2026.<\/p>\n\n\n\n<ul class=\"wp-block-list\">\n<li>\u200b<strong>Clar\u00edn (Argentina):<\/strong> O jornal destacou que a homenagem foi recebida com duras cr\u00edticas pela oposi\u00e7\u00e3o, que classifica o desfile como uma pe\u00e7a de &#8220;propaganda eleitoral&#8221; em solo internacional.<\/li>\n\n\n\n<li>\u200b<strong>Imprensa Europeia:<\/strong> Ag\u00eancias como a <strong>Reuters<\/strong> e portais como a <strong>BBC<\/strong> acompanharam a movimenta\u00e7\u00e3o, observando como o governo utiliza s\u00edmbolos populares para consolidar sua imagem, citando o desfile como um marco de &#8220;internacionaliza\u00e7\u00e3o da candidatura&#8221; de Lula.<\/li>\n\n\n\n<li>\u200b<strong>Contexto Pol\u00edtico:<\/strong> As publica\u00e7\u00f5es ressaltaram que, embora o <strong>TSE (Tribunal Superior Eleitoral)<\/strong> tenha permitido o samba-enredo, a presidente da corte, C\u00e1rmen L\u00facia, alertou que o desfile n\u00e3o \u00e9 um &#8220;salvo-conduto&#8221; para abusos de poder pol\u00edtico.<\/li>\n<\/ul>\n\n\n\n<h3 class=\"wp-block-heading\">\u200bDestaques e controv\u00e9rsias na avenida<\/h3>\n\n\n\n<p class=\"wp-block-paragraph\">\u200bO desfile, desenvolvido pelo carnavalesco Tiago Martins, n\u00e3o se limitou a contar a hist\u00f3ria de supera\u00e7\u00e3o de Lula, desde o agreste pernambucano at\u00e9 o Planalto, mas tamb\u00e9m incluiu cr\u00edticas \u00e1cidas a advers\u00e1rios:<\/p>\n\n\n\n<ul class=\"wp-block-list\">\n<li>\u200b<strong>Representa\u00e7\u00e3o de Opositores:<\/strong> A escola gerou pol\u00eamica ao retratar o ex-presidente Jair Bolsonaro como um palha\u00e7o e, em outra ala, o ex-presidente Michel Temer &#8220;roubando&#8221; a faixa de Dilma Rousseff.<\/li>\n\n\n\n<li>\u200b<strong>Setores da Sociedade:<\/strong> Causou especial burburinho a ala que representou grupos &#8220;neoconservadores&#8221; (incluindo evang\u00e9licos e o agroneg\u00f3cio) dentro de latas de conserva, o que gerou rea\u00e7\u00f5es imediatas de parlamentares como a senadora Damares Alves.<\/li>\n\n\n\n<li>\u200b<strong>Presen\u00e7a do Presidente:<\/strong> Lula assistiu ao desfile de um camarote da Prefeitura, acompanhado por ministros e pela primeira-dama, <strong>Janja da Silva<\/strong>. Em um momento de quebra de protocolo, o presidente chegou a descer \u00e0 pista para cumprimentar o casal de mestre-sala e porta-bandeira.<\/li>\n<\/ul>\n\n\n\n<h3 class=\"wp-block-heading\">\u200bO veredito das urnas e dos ju\u00edzes<\/h3>\n\n\n\n<p class=\"wp-block-paragraph\">\u200bApesar do clima de festa, a sombra da justi\u00e7a eleitoral paira sobre a Acad\u00eamicos de Niter\u00f3i. O partido <strong>Novo<\/strong> j\u00e1 havia tentado barrar o desfile judicialmente, alegando que o presidente de honra da escola \u00e9 um vereador do PT. Com as elei\u00e7\u00f5es de outubro no horizonte, o Carnaval 2026 se consolidou como o primeiro grande term\u00f4metro da polariza\u00e7\u00e3o pol\u00edtica que deve dominar o ano.<\/p>\n\n\n\n<blockquote class=\"wp-block-quote is-layout-flow wp-block-quote-is-layout-flow\">\n<p class=\"wp-block-paragraph\">\u200b&#8221;A vida por l\u00e1 era dura. Mas medo mesmo a fam\u00edlia Silva tinha era das coisas do outro mundo.&#8221; \u2014 Trecho do samba-enredo sobre a inf\u00e2ncia de Lula em Pernambuco.<\/p>\n<\/blockquote>\n","protected":false},"excerpt":{"rendered":"<p>\u200bO desfile da Acad\u00eamicos de Niter\u00f3i, que marcou a estreia da agremia\u00e7\u00e3o no Grupo Especial do Carnaval do Rio de Janeiro na noite deste domingo [&#8230;]<\/p>\n","protected":false},"author":1,"featured_media":3995,"comment_status":"open","ping_status":"open","sticky":false,"template":"","format":"standard","meta":{"_crdt_document":"","_jetpack_memberships_contains_paid_content":false,"footnotes":"","jetpack_publicize_message":"","jetpack_publicize_feature_enabled":true,"jetpack_social_post_already_shared":true,"jetpack_social_options":{"image_generator_settings":{"template":"highway","default_image_id":0,"font":"","enabled":false},"version":2}},"categories":[3],"tags":[],"class_list":["post-3994","post","type-post","status-publish","format-standard","has-post-thumbnail","hentry","category-brasil"],"jetpack_publicize_connections":[],"jetpack_featured_media_url":"https:\/\/i0.wp.com\/oexpressobr.com.br\/wp-content\/uploads\/2026\/02\/IMG-20260216-WA0240.jpg?fit=1080%2C1080&ssl=1","jetpack_likes_enabled":true,"jetpack_sharing_enabled":true,"_links":{"self":[{"href":"https:\/\/oexpressobr.com.br\/index.php?rest_route=\/wp\/v2\/posts\/3994","targetHints":{"allow":["GET"]}}],"collection":[{"href":"https:\/\/oexpressobr.com.br\/index.php?rest_route=\/wp\/v2\/posts"}],"about":[{"href":"https:\/\/oexpressobr.com.br\/index.php?rest_route=\/wp\/v2\/types\/post"}],"author":[{"embeddable":true,"href":"https:\/\/oexpressobr.com.br\/index.php?rest_route=\/wp\/v2\/users\/1"}],"replies":[{"embeddable":true,"href":"https:\/\/oexpressobr.com.br\/index.php?rest_route=%2Fwp%2Fv2%2Fcomments&post=3994"}],"version-history":[{"count":1,"href":"https:\/\/oexpressobr.com.br\/index.php?rest_route=\/wp\/v2\/posts\/3994\/revisions"}],"predecessor-version":[{"id":3996,"href":"https:\/\/oexpressobr.com.br\/index.php?rest_route=\/wp\/v2\/posts\/3994\/revisions\/3996"}],"wp:featuredmedia":[{"embeddable":true,"href":"https:\/\/oexpressobr.com.br\/index.php?rest_route=\/wp\/v2\/media\/3995"}],"wp:attachment":[{"href":"https:\/\/oexpressobr.com.br\/index.php?rest_route=%2Fwp%2Fv2%2Fmedia&parent=3994"}],"wp:term":[{"taxonomy":"category","embeddable":true,"href":"https:\/\/oexpressobr.com.br\/index.php?rest_route=%2Fwp%2Fv2%2Fcategories&post=3994"},{"taxonomy":"post_tag","embeddable":true,"href":"https:\/\/oexpressobr.com.br\/index.php?rest_route=%2Fwp%2Fv2%2Ftags&post=3994"}],"curies":[{"name":"wp","href":"https:\/\/api.w.org\/{rel}","templated":true}]}}