{"id":4000,"date":"2026-02-16T13:07:48","date_gmt":"2026-02-16T16:07:48","guid":{"rendered":"https:\/\/oexpressobr.com.br\/?p=4000"},"modified":"2026-02-16T13:07:49","modified_gmt":"2026-02-16T16:07:49","slug":"mangueira-e-niteroi-sacodem-a-sapucai-com-criticas-a-bolsonaro-e-homenagens-a-lula-e-ney-matogrosso","status":"publish","type":"post","link":"https:\/\/oexpressobr.com.br\/?p=4000","title":{"rendered":"Mangueira e Niter\u00f3i sacodem a Sapuca\u00ed com cr\u00edticas a Bolsonaro e homenagens a Lula e Ney Matogrosso"},"content":{"rendered":"\n<p class=\"wp-block-paragraph\">O Carnaval do Rio de Janeiro em 2026 reafirmou sua voca\u00e7\u00e3o pol\u00edtica e cultural na primeira noite de desfiles do Grupo Especial. A <strong>Esta\u00e7\u00e3o Primeira de Mangueira<\/strong> encerrou a madrugada desta segunda-feira (16) com um desfile tecnicamente impec\u00e1vel, enquanto a estreante <strong>Acad\u00eamicos de Niter\u00f3i<\/strong> gerou a maior pol\u00eamica da noite ao levar a trajet\u00f3ria do presidente Lula para a avenida, acompanhada de cr\u00edticas diretas ao ex-presidente Jair Bolsonaro.<\/p>\n\n\n\n<h3 class=\"wp-block-heading\">\u200bO deboche da Mangueira e a &#8220;Amaz\u00f4nia Negra&#8221;<\/h3>\n\n\n\n<p class=\"wp-block-paragraph\">\u200bA Verde e Rosa levou para a Sapuca\u00ed o enredo <em>&#8220;Mestre Sacaca do Encanto Tucuju \u2013 o Guardi\u00e3o da Amaz\u00f4nia Negra&#8221;<\/em>. Al\u00e9m de exaltar a ancestralidade e a medicina tradicional do Amap\u00e1, a escola n\u00e3o poupou s\u00e1tiras pol\u00edticas.<\/p>\n\n\n\n<p class=\"wp-block-paragraph\">\u200bEm uma das alas mais comentadas, a agremia\u00e7\u00e3o utilizou o deboche para criticar o ex-presidente Bolsonaro, inserindo elementos que remetiam ao isolacionismo e a pol\u00eamicas de seu governo, contrastando com a exalta\u00e7\u00e3o da ci\u00eancia e da preserva\u00e7\u00e3o ambiental simbolizadas por Sacaca. A escola finalizou seu cortejo sob a luz do dia, sendo ovacionada como uma das favoritas ao t\u00edtulo.<\/p>\n\n\n\n<h3 class=\"wp-block-heading\">\u200bNiter\u00f3i: Homenagem a Lula e o &#8220;Bozo&#8221; na Avenida<\/h3>\n\n\n\n<p class=\"wp-block-paragraph\">\u200bAbrindo os desfiles, a <strong>Acad\u00eamicos de Niter\u00f3i<\/strong> apresentou <em>&#8220;Do alto do mulungu surge a esperan\u00e7a: Lula, o oper\u00e1rio do Brasil&#8221;<\/em>. O desfile contou com a presen\u00e7a do pr\u00f3prio presidente <strong>Lula<\/strong>, da primeira-dama <strong>Janja<\/strong>, e do vice <strong>Geraldo Alckmin<\/strong> no camarote da prefeitura.<\/p>\n\n\n\n<ul class=\"wp-block-list\">\n<li>\u200b<strong>Destaques do Desfile:<\/strong> A escola narrou a vida de Lula desde o sert\u00e3o de Garanhuns at\u00e9 o Pal\u00e1cio do Planalto.<\/li>\n\n\n\n<li>\u200b<strong>Cr\u00edticas Pol\u00edticas:<\/strong> O ponto alto da controv\u00e9rsia foi a representa\u00e7\u00e3o de um palha\u00e7o remetendo a &#8220;Bozo&#8221; (apelido pejorativo dado a Bolsonaro) e alas que simulavam o ex-presidente preso.<\/li>\n\n\n\n<li>\u200b<strong>Rea\u00e7\u00e3o da Oposi\u00e7\u00e3o:<\/strong> O senador Fl\u00e1vio Bolsonaro j\u00e1 anunciou que pretende acionar o TSE, alegando propaganda eleitoral antecipada em pleno Samb\u00f3dromo.<\/li>\n<\/ul>\n\n\n\n<h3 class=\"wp-block-heading\">\u200bA Camale\u00f4nica Imperatriz e a Portela Ancestral<\/h3>\n\n\n\n<p class=\"wp-block-paragraph\">\u200bAntes da Mangueira, a <strong>Imperatriz Leopoldinense<\/strong> transformou a Sapuca\u00ed em um palco de concerto para homenagear <strong>Ney Matogrosso<\/strong>. Com o enredo <em>&#8220;Camale\u00f4nico&#8221;<\/em>, a escola de Ramos revisitou os tempos de Secos &amp; Molhados e a carreira solo do artista, que desfilou no \u00faltimo carro, sendo reverenciado por sua liberdade est\u00e9tica e coragem.<\/p>\n\n\n\n<p class=\"wp-block-paragraph\">\u200bJ\u00e1 a <strong>Portela<\/strong> mergulhou na espiritualidade com <em>&#8220;O Mist\u00e9rio do Pr\u00edncipe do Bar\u00e1&#8221;<\/em>, resgatando a hist\u00f3ria da negritude no Rio Grande do Sul e a for\u00e7a das tradi\u00e7\u00f5es de matriz africana, mantendo a eleg\u00e2ncia da Majestade do Samba em um desfile visualmente impactante.<\/p>\n\n\n\n<blockquote class=\"wp-block-quote is-layout-flow wp-block-quote-is-layout-flow\">\n<p class=\"wp-block-paragraph\">\u200b<strong>Nota do Jornalista:<\/strong> A polariza\u00e7\u00e3o pol\u00edtica que domina o pa\u00eds encontrou na Sapuca\u00ed um novo campo de batalha, onde o &#8220;brilho da esperan\u00e7a&#8221; de uns \u00e9 o &#8220;uso indevido da m\u00e1quina&#8221; para outros. O resultado da apura\u00e7\u00e3o, na quarta-feira de cinzas, dir\u00e1 se o vi\u00e9s pol\u00edtico pesou mais do que a t\u00e9cnica.<\/p>\n<\/blockquote>\n","protected":false},"excerpt":{"rendered":"<p>O Carnaval do Rio de Janeiro em 2026 reafirmou sua voca\u00e7\u00e3o pol\u00edtica e cultural na primeira noite de desfiles do Grupo Especial. A Esta\u00e7\u00e3o Primeira [&#8230;]<\/p>\n","protected":false},"author":1,"featured_media":4001,"comment_status":"open","ping_status":"open","sticky":false,"template":"","format":"standard","meta":{"_crdt_document":"","_jetpack_memberships_contains_paid_content":false,"footnotes":"","jetpack_publicize_message":"","jetpack_publicize_feature_enabled":true,"jetpack_social_post_already_shared":true,"jetpack_social_options":{"image_generator_settings":{"template":"highway","default_image_id":0,"font":"","enabled":false},"version":2}},"categories":[3],"tags":[],"class_list":["post-4000","post","type-post","status-publish","format-standard","has-post-thumbnail","hentry","category-brasil"],"jetpack_publicize_connections":[],"jetpack_featured_media_url":"https:\/\/i0.wp.com\/oexpressobr.com.br\/wp-content\/uploads\/2026\/02\/17712248486992bf1100553_1771224848_3x2_xl.jpg?fit=1200%2C800&ssl=1","jetpack_likes_enabled":true,"jetpack_sharing_enabled":true,"_links":{"self":[{"href":"https:\/\/oexpressobr.com.br\/index.php?rest_route=\/wp\/v2\/posts\/4000","targetHints":{"allow":["GET"]}}],"collection":[{"href":"https:\/\/oexpressobr.com.br\/index.php?rest_route=\/wp\/v2\/posts"}],"about":[{"href":"https:\/\/oexpressobr.com.br\/index.php?rest_route=\/wp\/v2\/types\/post"}],"author":[{"embeddable":true,"href":"https:\/\/oexpressobr.com.br\/index.php?rest_route=\/wp\/v2\/users\/1"}],"replies":[{"embeddable":true,"href":"https:\/\/oexpressobr.com.br\/index.php?rest_route=%2Fwp%2Fv2%2Fcomments&post=4000"}],"version-history":[{"count":1,"href":"https:\/\/oexpressobr.com.br\/index.php?rest_route=\/wp\/v2\/posts\/4000\/revisions"}],"predecessor-version":[{"id":4002,"href":"https:\/\/oexpressobr.com.br\/index.php?rest_route=\/wp\/v2\/posts\/4000\/revisions\/4002"}],"wp:featuredmedia":[{"embeddable":true,"href":"https:\/\/oexpressobr.com.br\/index.php?rest_route=\/wp\/v2\/media\/4001"}],"wp:attachment":[{"href":"https:\/\/oexpressobr.com.br\/index.php?rest_route=%2Fwp%2Fv2%2Fmedia&parent=4000"}],"wp:term":[{"taxonomy":"category","embeddable":true,"href":"https:\/\/oexpressobr.com.br\/index.php?rest_route=%2Fwp%2Fv2%2Fcategories&post=4000"},{"taxonomy":"post_tag","embeddable":true,"href":"https:\/\/oexpressobr.com.br\/index.php?rest_route=%2Fwp%2Fv2%2Ftags&post=4000"}],"curies":[{"name":"wp","href":"https:\/\/api.w.org\/{rel}","templated":true}]}}