{"id":4003,"date":"2026-02-16T13:13:22","date_gmt":"2026-02-16T16:13:22","guid":{"rendered":"https:\/\/oexpressobr.com.br\/?p=4003"},"modified":"2026-02-16T13:13:23","modified_gmt":"2026-02-16T16:13:23","slug":"desfile-sobre-lula-abre-brecha-para-condenacao-por-ilicito-eleitoral-dizem-especialistas","status":"publish","type":"post","link":"https:\/\/oexpressobr.com.br\/?p=4003","title":{"rendered":"DESFILE SOBRE Lula abre brecha para condena\u00e7\u00e3o por il\u00edcito eleitoral, dizem especialistas"},"content":{"rendered":"\n<p class=\"wp-block-paragraph\"><strong>RIO DE JANEIRO<\/strong> \u2013 O desfile da escola de samba <strong>Acad\u00eamicos de Niter\u00f3i<\/strong>, que homenageou o presidente <strong>Luiz In\u00e1cio Lula da Silva<\/strong> na Marqu\u00eas de Sapuca\u00ed neste domingo (15), tornou-se o novo epicentro de uma batalha jur\u00eddica que pode impactar as elei\u00e7\u00f5es de 2026. Embora o <strong>Tribunal Superior Eleitoral (TSE)<\/strong> tenha negado pedidos de liminar para barrar a exibi\u00e7\u00e3o, juristas alertam que o conte\u00fado apresentado criou uma &#8220;avenida&#8221; de riscos para a chapa governista.<\/p>\n\n\n\n<h3 class=\"wp-block-heading\">\u200bO Cen\u00e1rio Jur\u00eddico: Entre a Arte e a Urna<\/h3>\n\n\n\n<p class=\"wp-block-paragraph\">\u200bEspecialistas em Direito Eleitoral ouvidos ap\u00f3s o evento destacam que, embora a manifesta\u00e7\u00e3o cultural seja protegida pela liberdade de express\u00e3o, elementos espec\u00edficos do desfile podem configurar <strong>propaganda antecipada<\/strong> ou <strong>abuso de poder econ\u00f4mico<\/strong>.<\/p>\n\n\n\n<ul class=\"wp-block-list\">\n<li>\u200b<strong>Propaganda Antecipada:<\/strong> O uso de <em>jingles<\/em> hist\u00f3ricos, refer\u00eancias diretas ao n\u00famero do partido e a exalta\u00e7\u00e3o da trajet\u00f3ria pol\u00edtica de Lula foram citados como pontos sens\u00edveis.<\/li>\n\n\n\n<li>\u200b<strong>Abuso de Poder:<\/strong> A suspeita de uso de recursos p\u00fablicos para financiar uma pe\u00e7a de exalta\u00e7\u00e3o personalista \u00e9 o argumento central da oposi\u00e7\u00e3o. Estima-se que o desfile tenha custado cerca de <strong>R$ 9,6 milh\u00f5es<\/strong>, parte oriunda de verbas oficiais destinadas ao Carnaval.<\/li>\n\n\n\n<li>\u200b<strong>Decis\u00e3o do TSE:<\/strong> Na \u00faltima quinta-feira (12), a Corte decidiu por unanimidade n\u00e3o censurar o desfile. No entanto, a ministra relatora, <strong>Estela Aranha<\/strong>, e a presidente do tribunal, <strong>C\u00e1rmen L\u00facia<\/strong>, deixaram claro que o &#8220;salvo-conduto&#8221; n\u00e3o existe: eventuais irregularidades ser\u00e3o apuradas ap\u00f3s o registro formal das candidaturas.<\/li>\n<\/ul>\n\n\n\n<p class=\"wp-block-paragraph\">O presidente do Novo, Eduardo Ribeiro, afirmou que o desfile foi uma &#8220;pe\u00e7a de propaganda financiada com dinheiro do contribuinte&#8221; e buscar\u00e1 a <strong>inelegibilidade<\/strong> do presidente.<\/p>\n\n\n\n<h3 class=\"wp-block-heading\">\u200bMitiga\u00e7\u00e3o de Danos e Pr\u00f3ximos Passos<\/h3>\n\n\n\n<p class=\"wp-block-paragraph\">\u200bPara evitar que o desfile se tornasse uma prova incontest\u00e1vel de il\u00edcito, o Pal\u00e1cio do Planalto adotou uma estrat\u00e9gia de recuo estrat\u00e9gico na v\u00e9spera:<\/p>\n\n\n\n<ol class=\"wp-block-list\">\n<li>\u200b<strong>Veto a Ministros:<\/strong> Nenhum ministro de Estado foi autorizado a desfilar na ala da diretoria.<\/li>\n\n\n\n<li>\u200b<strong>Cautela de Janja:<\/strong> A primeira-dama, embora presente no Samb\u00f3dromo, optou por n\u00e3o cruzar a avenida para n\u00e3o personalizar excessivamente o ato pol\u00edtico.<\/li>\n<\/ol>\n\n\n\n<p class=\"wp-block-paragraph\">\u200bA grande d\u00favida agora reside no uso das imagens. Se o PT ou Lula utilizarem trechos do desfile em futuras propagandas eleitorais, a brecha para a condena\u00e7\u00e3o se tornar\u00e1, segundo especialistas, uma certeza jur\u00eddica.<\/p>\n","protected":false},"excerpt":{"rendered":"<p>RIO DE JANEIRO \u2013 O desfile da escola de samba Acad\u00eamicos de Niter\u00f3i, que homenageou o presidente Luiz In\u00e1cio Lula da Silva na Marqu\u00eas de [&#8230;]<\/p>\n","protected":false},"author":1,"featured_media":4004,"comment_status":"open","ping_status":"open","sticky":false,"template":"","format":"standard","meta":{"_crdt_document":"","_jetpack_memberships_contains_paid_content":false,"footnotes":"","jetpack_publicize_message":"","jetpack_publicize_feature_enabled":true,"jetpack_social_post_already_shared":true,"jetpack_social_options":{"image_generator_settings":{"template":"highway","default_image_id":0,"font":"","enabled":false},"version":2}},"categories":[3],"tags":[],"class_list":["post-4003","post","type-post","status-publish","format-standard","has-post-thumbnail","hentry","category-brasil"],"jetpack_publicize_connections":[],"jetpack_featured_media_url":"https:\/\/i0.wp.com\/oexpressobr.com.br\/wp-content\/uploads\/2026\/02\/177120240069926760d06c4_1771202400_3x2_xl.jpg?fit=1200%2C800&ssl=1","jetpack_likes_enabled":true,"jetpack_sharing_enabled":true,"_links":{"self":[{"href":"https:\/\/oexpressobr.com.br\/index.php?rest_route=\/wp\/v2\/posts\/4003","targetHints":{"allow":["GET"]}}],"collection":[{"href":"https:\/\/oexpressobr.com.br\/index.php?rest_route=\/wp\/v2\/posts"}],"about":[{"href":"https:\/\/oexpressobr.com.br\/index.php?rest_route=\/wp\/v2\/types\/post"}],"author":[{"embeddable":true,"href":"https:\/\/oexpressobr.com.br\/index.php?rest_route=\/wp\/v2\/users\/1"}],"replies":[{"embeddable":true,"href":"https:\/\/oexpressobr.com.br\/index.php?rest_route=%2Fwp%2Fv2%2Fcomments&post=4003"}],"version-history":[{"count":1,"href":"https:\/\/oexpressobr.com.br\/index.php?rest_route=\/wp\/v2\/posts\/4003\/revisions"}],"predecessor-version":[{"id":4005,"href":"https:\/\/oexpressobr.com.br\/index.php?rest_route=\/wp\/v2\/posts\/4003\/revisions\/4005"}],"wp:featuredmedia":[{"embeddable":true,"href":"https:\/\/oexpressobr.com.br\/index.php?rest_route=\/wp\/v2\/media\/4004"}],"wp:attachment":[{"href":"https:\/\/oexpressobr.com.br\/index.php?rest_route=%2Fwp%2Fv2%2Fmedia&parent=4003"}],"wp:term":[{"taxonomy":"category","embeddable":true,"href":"https:\/\/oexpressobr.com.br\/index.php?rest_route=%2Fwp%2Fv2%2Fcategories&post=4003"},{"taxonomy":"post_tag","embeddable":true,"href":"https:\/\/oexpressobr.com.br\/index.php?rest_route=%2Fwp%2Fv2%2Ftags&post=4003"}],"curies":[{"name":"wp","href":"https:\/\/api.w.org\/{rel}","templated":true}]}}