{"id":4013,"date":"2026-02-17T04:06:46","date_gmt":"2026-02-17T07:06:46","guid":{"rendered":"https:\/\/oexpressobr.com.br\/?p=4013"},"modified":"2026-02-17T04:06:48","modified_gmt":"2026-02-17T07:06:48","slug":"homem-e-preso-por-operar-drone-ilegalmente-e-impedir-resgate-de-helicoptero-no-parana","status":"publish","type":"post","link":"https:\/\/oexpressobr.com.br\/?p=4013","title":{"rendered":"HOMEM \u00e9 preso por operar drone ilegalmente e impedir resgate de helic\u00f3ptero no Paran\u00e1"},"content":{"rendered":"\n<p class=\"wp-block-paragraph\">\u200bA Pol\u00edcia Militar do Paran\u00e1 (PM-PR) prendeu um homem em flagrante ap\u00f3s ele utilizar um drone de forma irregular e colocar em risco uma opera\u00e7\u00e3o de resgate aerom\u00e9dico em Guaratuba, no litoral do estado. O incidente, ocorrido nesta segunda-feira (16), atrasou em cerca de sete minutos o socorro a um adolescente que havia se afogado em uma piscina.<\/p>\n\n\n\n<p class=\"wp-block-paragraph\">\u200bDe acordo com as autoridades, o helic\u00f3ptero do Batalh\u00e3o de Pol\u00edcia Militar de Opera\u00e7\u00f5es A\u00e9reas (BPMOA) j\u00e1 estava posicionado na areia para realizar o transporte da v\u00edtima, que precisava de cuidados urgentes no Hospital Regional de Paranagu\u00e1. Mesmo ap\u00f3s orienta\u00e7\u00f5es das equipes de solo para que o drone fosse afastado, o operador insistiu em manter o equipamento sobrevoando a aeronave em uma dist\u00e2ncia perigosa.<\/p>\n\n\n\n<p class=\"wp-block-paragraph\">\u200bO capit\u00e3o Renato Bastos, que participou da a\u00e7\u00e3o, detalhou que o drone invadiu o espa\u00e7o a\u00e9reo no exato momento em que o helic\u00f3ptero iniciava os procedimentos de decolagem. Com as h\u00e9lices em funcionamento, a proximidade do objeto estranho for\u00e7ou a interrup\u00e7\u00e3o da manobra para evitar uma colis\u00e3o catastr\u00f3fica, o que poderia comprometer n\u00e3o apenas a vida do paciente, mas de toda a tripula\u00e7\u00e3o e dos banhistas ao redor.<\/p>\n\n\n\n<h3 class=\"wp-block-heading\">\u200bConsequ\u00eancias legais e seguran\u00e7a<\/h3>\n\n\n\n<p class=\"wp-block-paragraph\">\u200bAp\u00f3s a estabiliza\u00e7\u00e3o da v\u00edtima dentro da aeronave, parte da equipe precisou desembarcar para localizar e identificar o operador do drone. O homem foi detido e encaminhado \u00e0 delegacia, onde deve responder pelo crime de <strong>atentado contra a seguran\u00e7a do transporte a\u00e9reo<\/strong>, previsto no C\u00f3digo Penal Brasileiro.<\/p>\n\n\n\n<p class=\"wp-block-paragraph\">\u200bEste caso acende um alerta sobre o uso recreativo de drones em \u00e1reas de emerg\u00eancia. Recentemente, \u00f3rg\u00e3os como a Defesa Civil e o DECEA (Departamento de Controle do Espa\u00e7o A\u00e9reo) t\u00eam intensificado a fiscaliza\u00e7\u00e3o e as campanhas de conscientiza\u00e7\u00e3o, lembrando que:<\/p>\n\n\n\n<ul class=\"wp-block-list\">\n<li>\u200b\u00c9 proibido sobrevoar \u00e1reas de resgate e opera\u00e7\u00f5es policiais sem autoriza\u00e7\u00e3o pr\u00e9via.<\/li>\n\n\n\n<li>\u200bAeronaves tripuladas sempre t\u00eam prioridade total no espa\u00e7o a\u00e9reo.<\/li>\n\n\n\n<li>\u200bO uso de drones sem registro na ANAC ou em desacordo com as normas do DECEA pode resultar em pris\u00e3o e multas pesadas.<\/li>\n<\/ul>\n\n\n\n<p class=\"wp-block-paragraph\">\u200bO adolescente foi finalmente levado ao hospital ap\u00f3s o atraso for\u00e7ado. Especialistas refor\u00e7am que, em situa\u00e7\u00f5es de vida ou morte, cada segundo \u00e9 crucial e a curiosidade de operadores de drones n\u00e3o pode se sobrepor \u00e0 seguran\u00e7a p\u00fablica.<\/p>\n\n\n\n<p class=\"wp-block-paragraph\"><\/p>\n","protected":false},"excerpt":{"rendered":"<p>\u200bA Pol\u00edcia Militar do Paran\u00e1 (PM-PR) prendeu um homem em flagrante ap\u00f3s ele utilizar um drone de forma irregular e colocar em risco uma opera\u00e7\u00e3o [&#8230;]<\/p>\n","protected":false},"author":1,"featured_media":4014,"comment_status":"open","ping_status":"open","sticky":false,"template":"","format":"standard","meta":{"_crdt_document":"","_jetpack_memberships_contains_paid_content":false,"footnotes":"","jetpack_publicize_message":"","jetpack_publicize_feature_enabled":true,"jetpack_social_post_already_shared":true,"jetpack_social_options":{"image_generator_settings":{"template":"highway","default_image_id":0,"font":"","enabled":false},"version":2}},"categories":[9],"tags":[],"class_list":["post-4013","post","type-post","status-publish","format-standard","has-post-thumbnail","hentry","category-policia"],"jetpack_publicize_connections":[],"jetpack_featured_media_url":"https:\/\/i0.wp.com\/oexpressobr.com.br\/wp-content\/uploads\/2026\/02\/whatsapp-image-2026-02-16-at-16.35.48.jpeg?fit=984%2C576&ssl=1","jetpack_likes_enabled":true,"jetpack_sharing_enabled":true,"_links":{"self":[{"href":"https:\/\/oexpressobr.com.br\/index.php?rest_route=\/wp\/v2\/posts\/4013","targetHints":{"allow":["GET"]}}],"collection":[{"href":"https:\/\/oexpressobr.com.br\/index.php?rest_route=\/wp\/v2\/posts"}],"about":[{"href":"https:\/\/oexpressobr.com.br\/index.php?rest_route=\/wp\/v2\/types\/post"}],"author":[{"embeddable":true,"href":"https:\/\/oexpressobr.com.br\/index.php?rest_route=\/wp\/v2\/users\/1"}],"replies":[{"embeddable":true,"href":"https:\/\/oexpressobr.com.br\/index.php?rest_route=%2Fwp%2Fv2%2Fcomments&post=4013"}],"version-history":[{"count":1,"href":"https:\/\/oexpressobr.com.br\/index.php?rest_route=\/wp\/v2\/posts\/4013\/revisions"}],"predecessor-version":[{"id":4015,"href":"https:\/\/oexpressobr.com.br\/index.php?rest_route=\/wp\/v2\/posts\/4013\/revisions\/4015"}],"wp:featuredmedia":[{"embeddable":true,"href":"https:\/\/oexpressobr.com.br\/index.php?rest_route=\/wp\/v2\/media\/4014"}],"wp:attachment":[{"href":"https:\/\/oexpressobr.com.br\/index.php?rest_route=%2Fwp%2Fv2%2Fmedia&parent=4013"}],"wp:term":[{"taxonomy":"category","embeddable":true,"href":"https:\/\/oexpressobr.com.br\/index.php?rest_route=%2Fwp%2Fv2%2Fcategories&post=4013"},{"taxonomy":"post_tag","embeddable":true,"href":"https:\/\/oexpressobr.com.br\/index.php?rest_route=%2Fwp%2Fv2%2Ftags&post=4013"}],"curies":[{"name":"wp","href":"https:\/\/api.w.org\/{rel}","templated":true}]}}