{"id":4016,"date":"2026-02-17T04:12:51","date_gmt":"2026-02-17T07:12:51","guid":{"rendered":"https:\/\/oexpressobr.com.br\/?p=4016"},"modified":"2026-02-17T04:12:52","modified_gmt":"2026-02-17T07:12:52","slug":"policia-civil-investiga-desaparecimento-de-caes-comunitarios-em-centro-de-distribuicao-do-mercado-livre-no-parana","status":"publish","type":"post","link":"https:\/\/oexpressobr.com.br\/?p=4016","title":{"rendered":"Pol\u00edcia Civil investiga desaparecimento de c\u00e3es comunit\u00e1rios em centro de distribui\u00e7\u00e3o do Mercado Livre no Paran\u00e1"},"content":{"rendered":"\n<p class=\"wp-block-paragraph\">\u200bO sumi\u00e7o \u200bO sumi\u00e7o misterioso de tr\u00eas c\u00e3es comunit\u00e1rios \u2014 conhecidos como &#8220;Pipoca&#8221;, &#8220;Zequinha&#8221; e &#8220;Pretinha&#8221; \u2014 mobiliza as autoridades e causa como\u00e7\u00e3o em Arauc\u00e1ria, na Regi\u00e3o Metropolitana de Curitiba. Os animais, que viviam no p\u00e1tio do centro de distribui\u00e7\u00e3o do <strong>Mercado Livre<\/strong>, desapareceram recentemente, levando a <strong>Pol\u00edcia Civil do Paran\u00e1 (PCPR)<\/strong> a abrir um inqu\u00e9rito para apurar poss\u00edveis crimes de maus-tratos ou remo\u00e7\u00e3o indevida.<\/p>\n\n\n\n<h3 class=\"wp-block-heading\">\u200bO que se sabe sobre o caso<\/h3>\n\n\n\n<p class=\"wp-block-paragraph\">\u200bOs c\u00e3es eram figuras constantes no cotidiano dos funcion\u00e1rios e prestadores de servi\u00e7o da unidade. De acordo com protetores locais e relatos colhidos pela investiga\u00e7\u00e3o, os animais apresentavam as seguintes condi\u00e7\u00f5es:<\/p>\n\n\n\n<ul class=\"wp-block-list\">\n<li>\u200b<strong>Monitoramento:<\/strong> Todos eram castrados e possu\u00edam microchips de identifica\u00e7\u00e3o.<\/li>\n\n\n\n<li>\u200b<strong>Status Comunit\u00e1rio:<\/strong> Eram cuidados por volunt\u00e1rios e funcion\u00e1rios, recebendo alimenta\u00e7\u00e3o e aten\u00e7\u00e3o constante.<\/li>\n\n\n\n<li>\u200b<strong>O Sumi\u00e7o:<\/strong> O alerta foi dado ap\u00f3s os c\u00e3es deixarem de ser vistos nas depend\u00eancias da empresa, onde circulavam livremente h\u00e1 meses.<\/li>\n<\/ul>\n\n\n\n<h3 class=\"wp-block-heading\">\u200bA linha de investiga\u00e7\u00e3o e repercuss\u00e3o<\/h3>\n\n\n\n<p class=\"wp-block-paragraph\">\u200bA Delegacia de Prote\u00e7\u00e3o ao Meio Ambiente (DPMA) est\u00e1 \u00e0 frente do caso. O foco principal \u00e9 entender se houve uma <strong>remo\u00e7\u00e3o deliberada<\/strong> dos animais para locais desconhecidos ou se o desaparecimento est\u00e1 atrelado a neglig\u00eancia de seguran\u00e7a.<\/p>\n\n\n\n<p class=\"wp-block-paragraph\">\u200bO <strong>Mercado Livre<\/strong>, em notas anteriores sobre incidentes similares, costuma refor\u00e7ar que possui pol\u00edticas de bem-estar animal e que colabora com as autoridades fornecendo imagens de c\u00e2meras de seguran\u00e7a e registros de acesso. No entanto, a falta de respostas imediatas sobre o paradeiro dos c\u00e3es tem gerado protestos nas redes sociais e press\u00e3o de grupos de defesa dos animais.<\/p>\n\n\n\n<p class=\"wp-block-paragraph\">\u200b&#8221;Animais comunit\u00e1rios criam la\u00e7os com o local e com as pessoas. O sumi\u00e7o repentino de tr\u00eas animais identificados sugere uma interven\u00e7\u00e3o humana que precisa ser explicada&#8221;, afirma a rede de protetores de Arauc\u00e1ria. de tr\u00eas<\/p>\n\n\n\n<p class=\"wp-block-paragraph\">At\u00e9 o momento, n\u00e3o h\u00e1 informa\u00e7\u00f5es confirmadas sobre o paradeiro de Pipoca, Zequinha e Pretinha. O crime de maus-tratos a animais, no Brasil, prev\u00ea penas que podem chegar a cinco anos de reclus\u00e3o, al\u00e9m de multa.<\/p>\n","protected":false},"excerpt":{"rendered":"<p>\u200bO sumi\u00e7o \u200bO sumi\u00e7o misterioso de tr\u00eas c\u00e3es comunit\u00e1rios \u2014 conhecidos como &#8220;Pipoca&#8221;, &#8220;Zequinha&#8221; e &#8220;Pretinha&#8221; \u2014 mobiliza as autoridades e causa como\u00e7\u00e3o em Arauc\u00e1ria, [&#8230;]<\/p>\n","protected":false},"author":1,"featured_media":4017,"comment_status":"open","ping_status":"open","sticky":false,"template":"","format":"standard","meta":{"_crdt_document":"","_jetpack_memberships_contains_paid_content":false,"footnotes":"","jetpack_publicize_message":"","jetpack_publicize_feature_enabled":true,"jetpack_social_post_already_shared":true,"jetpack_social_options":{"image_generator_settings":{"template":"highway","default_image_id":0,"font":"","enabled":false},"version":2}},"categories":[9],"tags":[],"class_list":["post-4016","post","type-post","status-publish","format-standard","has-post-thumbnail","hentry","category-policia"],"jetpack_publicize_connections":[],"jetpack_featured_media_url":"https:\/\/i0.wp.com\/oexpressobr.com.br\/wp-content\/uploads\/2026\/02\/snapshot-1083.jpeg?fit=984%2C554&ssl=1","jetpack_likes_enabled":true,"jetpack_sharing_enabled":true,"_links":{"self":[{"href":"https:\/\/oexpressobr.com.br\/index.php?rest_route=\/wp\/v2\/posts\/4016","targetHints":{"allow":["GET"]}}],"collection":[{"href":"https:\/\/oexpressobr.com.br\/index.php?rest_route=\/wp\/v2\/posts"}],"about":[{"href":"https:\/\/oexpressobr.com.br\/index.php?rest_route=\/wp\/v2\/types\/post"}],"author":[{"embeddable":true,"href":"https:\/\/oexpressobr.com.br\/index.php?rest_route=\/wp\/v2\/users\/1"}],"replies":[{"embeddable":true,"href":"https:\/\/oexpressobr.com.br\/index.php?rest_route=%2Fwp%2Fv2%2Fcomments&post=4016"}],"version-history":[{"count":1,"href":"https:\/\/oexpressobr.com.br\/index.php?rest_route=\/wp\/v2\/posts\/4016\/revisions"}],"predecessor-version":[{"id":4018,"href":"https:\/\/oexpressobr.com.br\/index.php?rest_route=\/wp\/v2\/posts\/4016\/revisions\/4018"}],"wp:featuredmedia":[{"embeddable":true,"href":"https:\/\/oexpressobr.com.br\/index.php?rest_route=\/wp\/v2\/media\/4017"}],"wp:attachment":[{"href":"https:\/\/oexpressobr.com.br\/index.php?rest_route=%2Fwp%2Fv2%2Fmedia&parent=4016"}],"wp:term":[{"taxonomy":"category","embeddable":true,"href":"https:\/\/oexpressobr.com.br\/index.php?rest_route=%2Fwp%2Fv2%2Fcategories&post=4016"},{"taxonomy":"post_tag","embeddable":true,"href":"https:\/\/oexpressobr.com.br\/index.php?rest_route=%2Fwp%2Fv2%2Ftags&post=4016"}],"curies":[{"name":"wp","href":"https:\/\/api.w.org\/{rel}","templated":true}]}}