{"id":4019,"date":"2026-02-17T04:19:30","date_gmt":"2026-02-17T07:19:30","guid":{"rendered":"https:\/\/oexpressobr.com.br\/?p=4019"},"modified":"2026-02-17T04:19:32","modified_gmt":"2026-02-17T07:19:32","slug":"homem-e-preso-por-estupro-apos-dar-beijo-forcado-em-adolescente-durante-carnaval-em-cornelio-procopio","status":"publish","type":"post","link":"https:\/\/oexpressobr.com.br\/?p=4019","title":{"rendered":"Homem \u00e9 preso por estupro ap\u00f3s dar beijo for\u00e7ado em adolescente durante Carnaval em Corn\u00e9lio Proc\u00f3pio"},"content":{"rendered":"\n<p class=\"wp-block-paragraph\">Um homem de 20 anos foi preso em flagrante pela <strong>Pol\u00edcia Civil do Paran\u00e1 (PCPR)<\/strong> na noite de segunda-feira (16), em <strong>Corn\u00e9lio Proc\u00f3pio<\/strong>, no norte do estado. Ele \u00e9 acusado de estupro ap\u00f3s for\u00e7ar um beijo em uma adolescente de 15 anos durante as festividades de Carnaval na cidade. Um adolescente de 17 anos, que teria instigado o crime, tamb\u00e9m foi apreendido.<\/p>\n\n\n\n<h3 class=\"wp-block-heading\">\u200bDetalhes do ocorrido<\/h3>\n\n\n\n<p class=\"wp-block-paragraph\">\u200bDe acordo com as investiga\u00e7\u00f5es lideradas pelo delegado <strong>Adriano Diogo<\/strong>, o crime ocorreu no \u00faltimo s\u00e1bado (14). A v\u00edtima estava no evento quando foi abordada pelo adolescente de 17 anos, que insistia para que ela ficasse com o homem de 20 anos.<\/p>\n\n\n\n<p class=\"wp-block-paragraph\">\u200bMesmo ap\u00f3s a negativa expl\u00edcita da jovem, o suspeito se aproximou, segurou-a pelo pesco\u00e7o e pelo queixo, for\u00e7ando o contato f\u00edsico.<\/p>\n\n\n\n<blockquote class=\"wp-block-quote is-layout-flow wp-block-quote-is-layout-flow\">\n<p class=\"wp-block-paragraph\">\u200b&#8221;Ela recusou se relacionar com essa pessoa. Diante da insist\u00eancia, o adolescente instigou o maior de idade a beij\u00e1-la \u00e0 for\u00e7a. Ele a puxou e praticou o ato sem qualquer consentimento&#8221;, explicou o delegado.<\/p>\n<\/blockquote>\n\n\n\n<h3 class=\"wp-block-heading\">\u200bReconhecimento e pris\u00e3o<\/h3>\n\n\n\n<p class=\"wp-block-paragraph\">\u200bA v\u00edtima e sua m\u00e3e procuraram a <strong>Delegacia M\u00f3vel<\/strong> instalada no local do evento para denunciar o caso. Atrav\u00e9s das caracter\u00edsticas fornecidas, os agentes localizaram a dupla. M\u00e3e e filha realizaram o reconhecimento formal dos envolvidos.<\/p>\n\n\n\n<p class=\"wp-block-paragraph\">\u200bO caso foi tipificado como <strong>estupro<\/strong> porque, legalmente, o crime de estupro (Art. 213 do C\u00f3digo Penal) abrange qualquer ato libidinoso praticado mediante viol\u00eancia ou grave amea\u00e7a, o que inclui o beijo for\u00e7ado com emprego de for\u00e7a f\u00edsica.<\/p>\n\n\n\n<h3 class=\"wp-block-heading\">\u200bSitua\u00e7\u00e3o dos envolvidos<\/h3>\n\n\n\n<ul class=\"wp-block-list\">\n<li>\u200b<strong>Homem (20 anos):<\/strong> Preso em flagrante e encaminhado ao sistema penitenci\u00e1rio.<\/li>\n\n\n\n<li>\u200b<strong>Adolescente (17 anos):<\/strong> Apreendido por ato infracional an\u00e1logo ao crime de estupro, por ter auxiliado e instigado a a\u00e7\u00e3o.<\/li>\n<\/ul>\n\n\n\n<p class=\"wp-block-paragraph\">\u200bA Pol\u00edcia Civil refor\u00e7a que estruturas como a Delegacia M\u00f3vel s\u00e3o fundamentais em grandes eventos para garantir o atendimento imediato a v\u00edtimas de importuna\u00e7\u00e3o e viol\u00eancia sexual.<\/p>\n","protected":false},"excerpt":{"rendered":"<p>Um homem de 20 anos foi preso em flagrante pela Pol\u00edcia Civil do Paran\u00e1 (PCPR) na noite de segunda-feira (16), em Corn\u00e9lio Proc\u00f3pio, no norte [&#8230;]<\/p>\n","protected":false},"author":1,"featured_media":4020,"comment_status":"open","ping_status":"open","sticky":false,"template":"","format":"standard","meta":{"_crdt_document":"","_jetpack_memberships_contains_paid_content":false,"footnotes":"","jetpack_publicize_message":"","jetpack_publicize_feature_enabled":true,"jetpack_social_post_already_shared":true,"jetpack_social_options":{"image_generator_settings":{"template":"highway","default_image_id":0,"font":"","enabled":false},"version":2}},"categories":[9],"tags":[],"class_list":["post-4019","post","type-post","status-publish","format-standard","has-post-thumbnail","hentry","category-policia"],"jetpack_publicize_connections":[],"jetpack_featured_media_url":"https:\/\/i0.wp.com\/oexpressobr.com.br\/wp-content\/uploads\/2026\/02\/preso-carnaval.jpeg?fit=984%2C656&ssl=1","jetpack_likes_enabled":true,"jetpack_sharing_enabled":true,"_links":{"self":[{"href":"https:\/\/oexpressobr.com.br\/index.php?rest_route=\/wp\/v2\/posts\/4019","targetHints":{"allow":["GET"]}}],"collection":[{"href":"https:\/\/oexpressobr.com.br\/index.php?rest_route=\/wp\/v2\/posts"}],"about":[{"href":"https:\/\/oexpressobr.com.br\/index.php?rest_route=\/wp\/v2\/types\/post"}],"author":[{"embeddable":true,"href":"https:\/\/oexpressobr.com.br\/index.php?rest_route=\/wp\/v2\/users\/1"}],"replies":[{"embeddable":true,"href":"https:\/\/oexpressobr.com.br\/index.php?rest_route=%2Fwp%2Fv2%2Fcomments&post=4019"}],"version-history":[{"count":1,"href":"https:\/\/oexpressobr.com.br\/index.php?rest_route=\/wp\/v2\/posts\/4019\/revisions"}],"predecessor-version":[{"id":4021,"href":"https:\/\/oexpressobr.com.br\/index.php?rest_route=\/wp\/v2\/posts\/4019\/revisions\/4021"}],"wp:featuredmedia":[{"embeddable":true,"href":"https:\/\/oexpressobr.com.br\/index.php?rest_route=\/wp\/v2\/media\/4020"}],"wp:attachment":[{"href":"https:\/\/oexpressobr.com.br\/index.php?rest_route=%2Fwp%2Fv2%2Fmedia&parent=4019"}],"wp:term":[{"taxonomy":"category","embeddable":true,"href":"https:\/\/oexpressobr.com.br\/index.php?rest_route=%2Fwp%2Fv2%2Fcategories&post=4019"},{"taxonomy":"post_tag","embeddable":true,"href":"https:\/\/oexpressobr.com.br\/index.php?rest_route=%2Fwp%2Fv2%2Ftags&post=4019"}],"curies":[{"name":"wp","href":"https:\/\/api.w.org\/{rel}","templated":true}]}}