{"id":402,"date":"2025-12-08T07:00:09","date_gmt":"2025-12-08T10:00:09","guid":{"rendered":"https:\/\/oexpressobr.com.br\/?p=402"},"modified":"2025-12-08T07:00:10","modified_gmt":"2025-12-08T10:00:10","slug":"namorada-de-belo-rayane-figliuzzi-e-acusada-de-racismo-pela-ex-assessora-juliana-palmer","status":"publish","type":"post","link":"https:\/\/oexpressobr.com.br\/?p=402","title":{"rendered":"Namorada De Belo, Rayane Figliuzzi, \u00c9 Acusada De Racismo Pela Ex-Assessora Juliana Palmer"},"content":{"rendered":"\n<p class=\"wp-block-paragraph\"><em>Den\u00fancia nas redes sociais gera pol\u00eamica e levanta quest\u00f5es sobre o futuro da modelo como musa fitness<\/em><\/p>\n\n\n\n<p class=\"wp-block-paragraph\">\u200bA modelo <strong>Rayane Figliuzzi<\/strong>, namorada do cantor <strong>Belo<\/strong>, est\u00e1 no centro de uma grande pol\u00eamica ap\u00f3s ser publicamente acusada de <strong>racismo<\/strong> por sua ex-assessora de imprensa, <strong>Juliana Palmer<\/strong>. A grave den\u00fancia foi feita pela pr\u00f3pria Palmer em suas redes sociais, e o caso rapidamente ganhou destaque na internet e na m\u00eddia.<\/p>\n\n\n\n<h3 class=\"wp-block-heading\">\u200b A Origem Da Controv\u00e9rsia<\/h3>\n\n\n\n<p class=\"wp-block-paragraph\">\u200bJuliana Palmer, que trabalhou com Figliuzzi em projetos de assessoria, utilizou suas plataformas digitais para expor a situa\u00e7\u00e3o. Embora os detalhes espec\u00edficos do incidente n\u00e3o tenham sido amplamente divulgados, a acusa\u00e7\u00e3o de racismo \u00e9 categ\u00f3rica e gerou uma onda de rea\u00e7\u00f5es negativas direcionadas \u00e0 namorada de Belo.<\/p>\n\n\n\n<ul class=\"wp-block-list\">\n<li>\u200b<strong>Repercuss\u00e3o Imediata:<\/strong> A postagem de Palmer se tornou viral, com muitos seguidores e internautas manifestando apoio \u00e0 assessora e exigindo um posicionamento de Rayane Figliuzzi.<\/li>\n\n\n\n<li>\u200b<strong>Posicionamento Da Acusada:<\/strong> At\u00e9 o momento desta publica\u00e7\u00e3o, Rayane Figliuzzi e a equipe que a representa n\u00e3o emitiram um comunicado oficial ou uma resposta direta \u00e0 acusa\u00e7\u00e3o feita por Juliana Palmer. O sil\u00eancio da modelo tem intensificado as cr\u00edticas nas redes.<\/li>\n<\/ul>\n\n\n\n<h3 class=\"wp-block-heading\">\u200b O Futuro De Rayane Figliuzzi Como Musa<\/h3>\n\n\n\n<p class=\"wp-block-paragraph\">\u200bRayane Figliuzzi vinha consolidando sua imagem como <strong>musa fitness<\/strong>, impulsionada pelo relacionamento com o pagodeiro Belo e sua presen\u00e7a em eventos e campanhas publicit\u00e1rias. No entanto, a acusa\u00e7\u00e3o de racismo pode ter um impacto significativo e, possivelmente, irrevers\u00edvel em sua carreira e imagem p\u00fablica.<\/p>\n\n\n\n<p class=\"wp-block-paragraph\">\u200bEspecialistas em gest\u00e3o de crise e marketing de influ\u00eancia apontam que:<\/p>\n\n\n\n<ul class=\"wp-block-list\">\n<li>\u200b<strong>Danos \u00c0 Imagem:<\/strong> Uma acusa\u00e7\u00e3o de racismo \u00e9 extremamente s\u00e9ria e pode anular todo o trabalho de constru\u00e7\u00e3o de imagem que a modelo vinha desenvolvendo. Marcas e patrocinadores costumam se afastar rapidamente de figuras p\u00fablicas envolvidas em controv\u00e9rsias dessa natureza.<\/li>\n\n\n\n<li>\u200b<strong>Perda De Credibilidade:<\/strong> A pol\u00eamica coloca em xeque a posi\u00e7\u00e3o de Figliuzzi n\u00e3o apenas como musa fitness, mas como figura p\u00fablica em geral, levantando d\u00favidas sobre seus valores e conduta.<\/li>\n<\/ul>\n\n\n\n<h3 class=\"wp-block-heading\">\u200b Novidades E Desdobramentos<\/h3>\n\n\n\n<p class=\"wp-block-paragraph\">\u200bDesde a den\u00fancia de Juliana Palmer, o caso tem ganhado novos cap\u00edtulos nas redes sociais e em colunas de fofoca.<\/p>\n\n\n\n<ul class=\"wp-block-list\">\n<li>\u200b<strong>Apoio A Palmer:<\/strong> Juliana Palmer tem recebido in\u00fameras mensagens de solidariedade de an\u00f4nimos e figuras p\u00fablicas, que a encorajaram a seguir com a den\u00fancia.<\/li>\n\n\n\n<li>\u200b<strong>Belo E A Rea\u00e7\u00e3o Do Casal:<\/strong> O cantor Belo, que costuma ser muito presente na vida da namorada, ainda n\u00e3o se manifestou publicamente sobre as acusa\u00e7\u00f5es. A aus\u00eancia de um comunicado oficial do casal sugere que a equipe pode estar avaliando a melhor estrat\u00e9gia legal e de rela\u00e7\u00f5es p\u00fablicas para lidar com o esc\u00e2ndalo.<\/li>\n<\/ul>\n\n\n\n<p class=\"wp-block-paragraph\">\u200bA comunidade online e a m\u00eddia aguardam ansiosamente por um posicionamento claro de Rayane Figliuzzi e de Belo, bem como por poss\u00edveis a\u00e7\u00f5es legais que possam ser tomadas por Juliana Palmer. O caso serve de alerta sobre a seriedade das acusa\u00e7\u00f5es de racismo e o impacto imediato que elas podem causar na carreira de celebridades e influenciadores digitais.<\/p>\n","protected":false},"excerpt":{"rendered":"<p>Den\u00fancia nas redes sociais gera pol\u00eamica e levanta quest\u00f5es sobre o futuro da modelo como musa fitness \u200bA modelo Rayane Figliuzzi, namorada do cantor Belo, [&#8230;]<\/p>\n","protected":false},"author":1,"featured_media":403,"comment_status":"open","ping_status":"open","sticky":false,"template":"","format":"standard","meta":{"_crdt_document":"","_jetpack_memberships_contains_paid_content":false,"footnotes":"","jetpack_publicize_message":"","jetpack_publicize_feature_enabled":true,"jetpack_social_post_already_shared":false,"jetpack_social_options":{"image_generator_settings":{"template":"highway","default_image_id":0,"font":"","enabled":false},"version":2}},"categories":[16],"tags":[],"class_list":["post-402","post","type-post","status-publish","format-standard","has-post-thumbnail","hentry","category-denuncia"],"jetpack_publicize_connections":[],"jetpack_featured_media_url":"https:\/\/i0.wp.com\/oexpressobr.com.br\/wp-content\/uploads\/2025\/12\/image-2.jpg?fit=414%2C280&ssl=1","jetpack_likes_enabled":true,"jetpack_sharing_enabled":true,"_links":{"self":[{"href":"https:\/\/oexpressobr.com.br\/index.php?rest_route=\/wp\/v2\/posts\/402","targetHints":{"allow":["GET"]}}],"collection":[{"href":"https:\/\/oexpressobr.com.br\/index.php?rest_route=\/wp\/v2\/posts"}],"about":[{"href":"https:\/\/oexpressobr.com.br\/index.php?rest_route=\/wp\/v2\/types\/post"}],"author":[{"embeddable":true,"href":"https:\/\/oexpressobr.com.br\/index.php?rest_route=\/wp\/v2\/users\/1"}],"replies":[{"embeddable":true,"href":"https:\/\/oexpressobr.com.br\/index.php?rest_route=%2Fwp%2Fv2%2Fcomments&post=402"}],"version-history":[{"count":0,"href":"https:\/\/oexpressobr.com.br\/index.php?rest_route=\/wp\/v2\/posts\/402\/revisions"}],"wp:featuredmedia":[{"embeddable":true,"href":"https:\/\/oexpressobr.com.br\/index.php?rest_route=\/wp\/v2\/media\/403"}],"wp:attachment":[{"href":"https:\/\/oexpressobr.com.br\/index.php?rest_route=%2Fwp%2Fv2%2Fmedia&parent=402"}],"wp:term":[{"taxonomy":"category","embeddable":true,"href":"https:\/\/oexpressobr.com.br\/index.php?rest_route=%2Fwp%2Fv2%2Fcategories&post=402"},{"taxonomy":"post_tag","embeddable":true,"href":"https:\/\/oexpressobr.com.br\/index.php?rest_route=%2Fwp%2Fv2%2Ftags&post=402"}],"curies":[{"name":"wp","href":"https:\/\/api.w.org\/{rel}","templated":true}]}}