{"id":4022,"date":"2026-02-17T04:25:16","date_gmt":"2026-02-17T07:25:16","guid":{"rendered":"https:\/\/oexpressobr.com.br\/?p=4022"},"modified":"2026-02-17T04:25:18","modified_gmt":"2026-02-17T07:25:18","slug":"deixa-falar-e-a-grande-campea-do-carnaval-2026-de-curitiba-estreante-rosa-do-povo-vence-no-grupo-de-acesso","status":"publish","type":"post","link":"https:\/\/oexpressobr.com.br\/?p=4022","title":{"rendered":"Deixa Falar \u00e9 a grande campe\u00e3 do Carnaval 2026 de Curitiba; estreante Rosa do Povo vence no Grupo de Acesso"},"content":{"rendered":"\n<p class=\"wp-block-paragraph\">\u200bO Carnaval de Curitiba 2026 coroou uma nova for\u00e7a no samba paranaense. Em uma apura\u00e7\u00e3o emocionante realizada na tarde desta segunda-feira (16), no <strong>Memorial de Curitiba<\/strong>, a escola de samba <strong>Deixa Falar<\/strong> conquistou seu primeiro t\u00edtulo no Grupo Especial. No Grupo de Acesso, a grande surpresa foi a vit\u00f3ria da estreante <strong>Rosa do Povo<\/strong>, que garantiu sua ascens\u00e3o \u00e0 elite da folia curitibana em 2027.<\/p>\n\n\n\n<h3 class=\"wp-block-heading\">\u200bA consagra\u00e7\u00e3o da Deixa Falar<\/h3>\n\n\n\n<p class=\"wp-block-paragraph\">\u200bFundada em 2020, a Deixa Falar vinha em uma trajet\u00f3ria de crescimento r\u00e1pido: campe\u00e3 do Acesso em 2023, terceira colocada em 2024 e vice-campe\u00e3 em 2025. Este ano, a escola levou para a Rua Marechal Deodoro o enredo <strong>&#8220;A evolu\u00e7\u00e3o do tambor na m\u00fasica&#8221;<\/strong>, explorando a percuss\u00e3o desde a ancestralidade at\u00e9 os ritmos modernos como o ax\u00e9 e o afroreggae.<\/p>\n\n\n\n<ul class=\"wp-block-list\">\n<li>\u200b<strong>Destaques do desfile:<\/strong> 15 alas, mais de 500 componentes e 3 carros aleg\u00f3ricos.<\/li>\n\n\n\n<li>\u200b<strong>Classifica\u00e7\u00e3o:<\/strong> A <strong>Acad\u00eamicos da Realeza<\/strong> ficou com o vice-campeonato.<\/li>\n\n\n\n<li>\u200b<strong>Rebaixamento:<\/strong> A escola <strong>Enamorados do Samba<\/strong> terminou na \u00faltima coloca\u00e7\u00e3o e desfilar\u00e1 no Grupo de Acesso no pr\u00f3ximo ano.<\/li>\n<\/ul>\n\n\n\n<p class=\"wp-block-paragraph\">A Marechal Deodoro recebeu cerca de <strong>20 mil pessoas<\/strong> apenas na primeira noite de desfiles, consolidando o evento como um dos principais pilares culturais da capital paranaense.<\/p>\n","protected":false},"excerpt":{"rendered":"<p>\u200bO Carnaval de Curitiba 2026 coroou uma nova for\u00e7a no samba paranaense. Em uma apura\u00e7\u00e3o emocionante realizada na tarde desta segunda-feira (16), no Memorial de [&#8230;]<\/p>\n","protected":false},"author":1,"featured_media":4023,"comment_status":"open","ping_status":"open","sticky":false,"template":"","format":"standard","meta":{"_crdt_document":"","_jetpack_memberships_contains_paid_content":false,"footnotes":"","jetpack_publicize_message":"","jetpack_publicize_feature_enabled":true,"jetpack_social_post_already_shared":true,"jetpack_social_options":{"image_generator_settings":{"template":"highway","default_image_id":0,"font":"","enabled":false},"version":2}},"categories":[5],"tags":[],"class_list":["post-4022","post","type-post","status-publish","format-standard","has-post-thumbnail","hentry","category-parana"],"jetpack_publicize_connections":[],"jetpack_featured_media_url":"https:\/\/i0.wp.com\/oexpressobr.com.br\/wp-content\/uploads\/2026\/02\/whatsapp-image-2026-02-16-at-17.56.39.jpeg?fit=984%2C738&ssl=1","jetpack_likes_enabled":true,"jetpack_sharing_enabled":true,"_links":{"self":[{"href":"https:\/\/oexpressobr.com.br\/index.php?rest_route=\/wp\/v2\/posts\/4022","targetHints":{"allow":["GET"]}}],"collection":[{"href":"https:\/\/oexpressobr.com.br\/index.php?rest_route=\/wp\/v2\/posts"}],"about":[{"href":"https:\/\/oexpressobr.com.br\/index.php?rest_route=\/wp\/v2\/types\/post"}],"author":[{"embeddable":true,"href":"https:\/\/oexpressobr.com.br\/index.php?rest_route=\/wp\/v2\/users\/1"}],"replies":[{"embeddable":true,"href":"https:\/\/oexpressobr.com.br\/index.php?rest_route=%2Fwp%2Fv2%2Fcomments&post=4022"}],"version-history":[{"count":1,"href":"https:\/\/oexpressobr.com.br\/index.php?rest_route=\/wp\/v2\/posts\/4022\/revisions"}],"predecessor-version":[{"id":4024,"href":"https:\/\/oexpressobr.com.br\/index.php?rest_route=\/wp\/v2\/posts\/4022\/revisions\/4024"}],"wp:featuredmedia":[{"embeddable":true,"href":"https:\/\/oexpressobr.com.br\/index.php?rest_route=\/wp\/v2\/media\/4023"}],"wp:attachment":[{"href":"https:\/\/oexpressobr.com.br\/index.php?rest_route=%2Fwp%2Fv2%2Fmedia&parent=4022"}],"wp:term":[{"taxonomy":"category","embeddable":true,"href":"https:\/\/oexpressobr.com.br\/index.php?rest_route=%2Fwp%2Fv2%2Fcategories&post=4022"},{"taxonomy":"post_tag","embeddable":true,"href":"https:\/\/oexpressobr.com.br\/index.php?rest_route=%2Fwp%2Fv2%2Ftags&post=4022"}],"curies":[{"name":"wp","href":"https:\/\/api.w.org\/{rel}","templated":true}]}}