{"id":4043,"date":"2026-02-17T05:16:02","date_gmt":"2026-02-17T08:16:02","guid":{"rendered":"https:\/\/oexpressobr.com.br\/?p=4043"},"modified":"2026-02-17T05:16:03","modified_gmt":"2026-02-17T08:16:03","slug":"temer-cita-paraiso-do-tuiuti-critica-bajulacao-em-desfile-de-lula-e-alfineta-politica-economica-atual","status":"publish","type":"post","link":"https:\/\/oexpressobr.com.br\/?p=4043","title":{"rendered":"Temer cita Para\u00edso do Tuiuti, critica &#8220;bajula\u00e7\u00e3o&#8221; em desfile de Lula e alfineta pol\u00edtica econ\u00f4mica atual"},"content":{"rendered":"\n<p class=\"wp-block-paragraph\">\u200bO ex-presidente <strong>Michel Temer (MDB)<\/strong> manifestou-se de forma incisiva nesta segunda-feira (16) ap\u00f3s ser alvo de uma s\u00e1tira no desfile da escola de samba <strong>Acad\u00eamicos de Niter\u00f3i<\/strong>, que homenageou o atual presidente <strong>Luiz In\u00e1cio Lula da Silva<\/strong> na Sapuca\u00ed. Em nota oficial, Temer declarou ter &#8220;saudade da Tuiuti&#8221;, em uma refer\u00eancia direta ao hist\u00f3rico desfile da <strong>Para\u00edso do Tuiuti<\/strong> de 2018, que o retratou como um vampiro neoliberal.<\/p>\n\n\n\n<h3 class=\"wp-block-heading\">\u200bDo vampiro \u00e0 &#8220;bajula\u00e7\u00e3o&#8221;<\/h3>\n\n\n\n<p class=\"wp-block-paragraph\">\u200bA rea\u00e7\u00e3o do emedebista foi motivada pela comiss\u00e3o de frente da Acad\u00eamicos de Niter\u00f3i, que encenou o momento em que Temer &#8220;arranca&#8221; a faixa presidencial de <strong>Dilma Rousseff<\/strong>, em uma alus\u00e3o ao impeachment de 2016. Embora tenha afirmado ser um defensor da liberdade art\u00edstica e da s\u00e1tira pol\u00edtica como tradi\u00e7\u00e3o do Carnaval, Temer n\u00e3o poupou cr\u00edticas ao tom da apresenta\u00e7\u00e3o em favor de Lula.<\/p>\n\n\n\n<blockquote class=\"wp-block-quote is-layout-flow wp-block-quote-is-layout-flow\">\n<p class=\"wp-block-paragraph\">\u200b&#8221;Como o samba \u00e9 o espa\u00e7o da criatividade e da fantasia, n\u00e3o faz sentido cobrar rigor hist\u00f3rico num enredo ou questionar a troca da cr\u00edtica social pela bajula\u00e7\u00e3o na Sapuca\u00ed&#8221;, afirmou o ex-presidente.<\/p>\n<\/blockquote>\n\n\n\n<p class=\"wp-block-paragraph\">\u200bPara Temer, o Carnaval de 2018, mesmo sendo-lhe hostil, cumpria um papel de questionamento social que ele considera ausente na homenagem ao petista.<\/p>\n\n\n\n<h3 class=\"wp-block-heading\">\u200bAlfinetada na economia e &#8220;volta ao passado&#8221;<\/h3>\n\n\n\n<p class=\"wp-block-paragraph\">\u200bAl\u00e9m das cr\u00edticas \u00e0 escola de samba, Michel Temer aproveitou a oportunidade para disparar contra a gest\u00e3o econ\u00f4mica do governo Lula. Ele acusou a atual administra\u00e7\u00e3o de promover um &#8220;ilusionismo na Esplanada&#8221; e de ignorar as reformas aprovadas durante seu mandato (2016-2018).<\/p>\n\n\n\n<ul class=\"wp-block-list\">\n<li>\u200b<strong>Cr\u00edticas fiscais:<\/strong> Temer mencionou a &#8220;irresponsabilidade fiscal, juros altos e o endividamento p\u00fablico crescente&#8221;.<\/li>\n\n\n\n<li>\u200b<strong>Defesa das reformas:<\/strong> O ex-presidente lamentou o que chamou de &#8220;nega\u00e7\u00e3o de conquistas&#8221;, citando especificamente as reformas <strong>trabalhista<\/strong>, do <strong>ensino m\u00e9dio<\/strong> e da <strong>Previd\u00eancia<\/strong>.<\/li>\n\n\n\n<li>\u200b<strong>Ponte para o Futuro:<\/strong> Em tom ir\u00f4nico, concluiu: &#8220;\u00c9 triste ver a troca da &#8216;Ponte para o Futuro&#8217; por uma volta ao passado&#8221;.<\/li>\n<\/ul>\n\n\n\n<h3 class=\"wp-block-heading\">\u200bImplica\u00e7\u00f5es jur\u00eddicas e rea\u00e7\u00e3o da oposi\u00e7\u00e3o<\/h3>\n\n\n\n<p class=\"wp-block-paragraph\">\u200bO desfile da Acad\u00eamicos de Niter\u00f3i n\u00e3o incomodou apenas Temer. Membros da oposi\u00e7\u00e3o, como o senador <strong>Fl\u00e1vio Bolsonaro<\/strong> e parlamentares do partido <strong>Novo<\/strong>, j\u00e1 anunciaram que pretendem acionar o <strong>Tribunal Superior Eleitoral (TSE)<\/strong>. Eles alegam que a homenagem a Lula configurou propaganda eleitoral antecipada e abuso de poder pol\u00edtico e econ\u00f4mico em pleno Samb\u00f3dromo.<\/p>\n\n\n\n<p class=\"wp-block-paragraph\">\u200bEspecialistas em direito eleitoral avaliam que a apresenta\u00e7\u00e3o, que incluiu jingles e refer\u00eancias diretas \u00e0 trajet\u00f3ria de Lula, pode abrir brechas para san\u00e7\u00f5es, embora o PT defenda que se trata de pura manifesta\u00e7\u00e3o de liberdade de express\u00e3o.<\/p>\n","protected":false},"excerpt":{"rendered":"<p>\u200bO ex-presidente Michel Temer (MDB) manifestou-se de forma incisiva nesta segunda-feira (16) ap\u00f3s ser alvo de uma s\u00e1tira no desfile da escola de samba Acad\u00eamicos [&#8230;]<\/p>\n","protected":false},"author":1,"featured_media":4044,"comment_status":"open","ping_status":"open","sticky":false,"template":"","format":"standard","meta":{"_crdt_document":"","_jetpack_memberships_contains_paid_content":false,"footnotes":"","jetpack_publicize_message":"","jetpack_publicize_feature_enabled":true,"jetpack_social_post_already_shared":true,"jetpack_social_options":{"image_generator_settings":{"template":"highway","default_image_id":0,"font":"","enabled":false},"version":2}},"categories":[7],"tags":[],"class_list":["post-4043","post","type-post","status-publish","format-standard","has-post-thumbnail","hentry","category-politica"],"jetpack_publicize_connections":[],"jetpack_featured_media_url":"https:\/\/i0.wp.com\/oexpressobr.com.br\/wp-content\/uploads\/2026\/02\/15184573025a81d1d6115cb_1518457302_3x2_xl.jpg?fit=1200%2C800&ssl=1","jetpack_likes_enabled":true,"jetpack_sharing_enabled":true,"_links":{"self":[{"href":"https:\/\/oexpressobr.com.br\/index.php?rest_route=\/wp\/v2\/posts\/4043","targetHints":{"allow":["GET"]}}],"collection":[{"href":"https:\/\/oexpressobr.com.br\/index.php?rest_route=\/wp\/v2\/posts"}],"about":[{"href":"https:\/\/oexpressobr.com.br\/index.php?rest_route=\/wp\/v2\/types\/post"}],"author":[{"embeddable":true,"href":"https:\/\/oexpressobr.com.br\/index.php?rest_route=\/wp\/v2\/users\/1"}],"replies":[{"embeddable":true,"href":"https:\/\/oexpressobr.com.br\/index.php?rest_route=%2Fwp%2Fv2%2Fcomments&post=4043"}],"version-history":[{"count":1,"href":"https:\/\/oexpressobr.com.br\/index.php?rest_route=\/wp\/v2\/posts\/4043\/revisions"}],"predecessor-version":[{"id":4045,"href":"https:\/\/oexpressobr.com.br\/index.php?rest_route=\/wp\/v2\/posts\/4043\/revisions\/4045"}],"wp:featuredmedia":[{"embeddable":true,"href":"https:\/\/oexpressobr.com.br\/index.php?rest_route=\/wp\/v2\/media\/4044"}],"wp:attachment":[{"href":"https:\/\/oexpressobr.com.br\/index.php?rest_route=%2Fwp%2Fv2%2Fmedia&parent=4043"}],"wp:term":[{"taxonomy":"category","embeddable":true,"href":"https:\/\/oexpressobr.com.br\/index.php?rest_route=%2Fwp%2Fv2%2Fcategories&post=4043"},{"taxonomy":"post_tag","embeddable":true,"href":"https:\/\/oexpressobr.com.br\/index.php?rest_route=%2Fwp%2Fv2%2Ftags&post=4043"}],"curies":[{"name":"wp","href":"https:\/\/api.w.org\/{rel}","templated":true}]}}