{"id":4046,"date":"2026-02-17T05:22:25","date_gmt":"2026-02-17T08:22:25","guid":{"rendered":"https:\/\/oexpressobr.com.br\/?p=4046"},"modified":"2026-02-17T05:22:26","modified_gmt":"2026-02-17T08:22:26","slug":"aliados-de-lula-veem-alivio-com-recuo-de-janja-e-negam-crime-eleitoral-em-desfile","status":"publish","type":"post","link":"https:\/\/oexpressobr.com.br\/?p=4046","title":{"rendered":"ALIADOS de Lula veem al\u00edvio com recuo de Janja e negam crime eleitoral em desfile"},"content":{"rendered":"\n<p class=\"wp-block-paragraph\"><strong>RIO DE JANEIRO<\/strong> \u2013 O clima nos bastidores do Pal\u00e1cio do Planalto e entre parlamentares da base governista \u00e9 de &#8220;miss\u00e3o cumprida&#8221; e al\u00edvio estrat\u00e9gico ap\u00f3s o desfile da <strong>Acad\u00eamicos de Niter\u00f3i<\/strong>, que homenageou a trajet\u00f3ria do presidente Luiz In\u00e1cio Lula da Silva na Marqu\u00eas de Sapuca\u00ed. A decis\u00e3o de \u00faltima hora da primeira-dama, <strong>Janja da Silva<\/strong>, de desistir de desfilar em um dos carros aleg\u00f3ricos foi recebida por aliados como um movimento pol\u00edtico cir\u00fargico para esvaziar a narrativa de &#8220;abuso de poder&#8221; alimentada pela oposi\u00e7\u00e3o.<\/p>\n\n\n\n<h3 class=\"wp-block-heading\">\u200bO recuo estrat\u00e9gico de Janja<\/h3>\n\n\n\n<p class=\"wp-block-paragraph\">\u200bEmbora estivesse confirmada para cruzar a avenida, Janja optou por acompanhar a apresenta\u00e7\u00e3o do camarote da Prefeitura do Rio, ao lado de Lula e do prefeito Eduardo Paes. Em nota oficial, a primeira-dama afirmou que, mesmo com &#8220;seguran\u00e7a jur\u00eddica&#8221; para participar, preferiu evitar que sua presen\u00e7a fosse utilizada para &#8220;perseguir a escola ou o presidente&#8221;.<\/p>\n\n\n\n<p class=\"wp-block-paragraph\">\u200bInternamente, ministros como <strong>Sid\u00f4nio Palmeira<\/strong> (Comunica\u00e7\u00e3o Social) j\u00e1 haviam orientado cautela. O temor era que a imagem da primeira-dama no topo de um carro aleg\u00f3rico servisse de &#8220;prova visual&#8221; definitiva para a\u00e7\u00f5es de propaganda eleitoral antecipada. Com o recuo, a cantora <strong>Faf\u00e1 de Bel\u00e9m<\/strong> ocupou o posto que seria de Janja, mantendo a homenagem sem o peso pol\u00edtico direto da fam\u00edlia presidencial na pista.<\/p>\n\n\n\n<h3 class=\"wp-block-heading\">\u200bEmbate jur\u00eddico: Crime ou Liberdade de Express\u00e3o?<\/h3>\n\n\n\n<p class=\"wp-block-paragraph\">\u200bA oposi\u00e7\u00e3o, liderada pelo <strong>Partido Novo<\/strong> e por nomes como o senador <strong>Fl\u00e1vio Bolsonaro (PL)<\/strong>, n\u00e3o tardou em reagir. O Novo anunciou que protocolar\u00e1 uma A\u00e7\u00e3o de Investiga\u00e7\u00e3o Judicial Eleitoral (AIJE) pedindo a <strong>inelegibilidade de Lula<\/strong>, sob o argumento de que o desfile configurou uma &#8220;pe\u00e7a de propaganda financiada com dinheiro p\u00fablico&#8221;.<\/p>\n\n\n\n<h3 class=\"wp-block-heading\">O posicionamento do TSE<\/h3>\n\n\n\n<p class=\"wp-block-paragraph\">\u200bAt\u00e9 o momento, a Justi\u00e7a Eleitoral tem mantido uma postura de observa\u00e7\u00e3o, mas sem interven\u00e7\u00f5es dr\u00e1sticas. A ministra <strong>C\u00e1rmen L\u00facia<\/strong> chegou a comparar o cen\u00e1rio a uma &#8220;areia movedi\u00e7a&#8221;, destacando que a festa popular n\u00e3o pode ser fresta para il\u00edcitos, mas refor\u00e7ando que a censura pr\u00e9via \u00e9 proibida pela Constitui\u00e7\u00e3o. Especialistas jur\u00eddicos apontam que, sem o &#8220;pedido expl\u00edcito de voto&#8221; (o chamado <em>magic words<\/em>), a tese de crime eleitoral perde for\u00e7a t\u00e9cnica.<\/p>\n\n\n\n<blockquote class=\"wp-block-quote is-layout-flow wp-block-quote-is-layout-flow\">\n<p class=\"wp-block-paragraph\">\u200b&#8221;A for\u00e7a da nossa comunidade foi o nosso pilar. A aclama\u00e7\u00e3o popular foi a nossa resposta&#8221;, afirmou em nota a Acad\u00eamicos de Niter\u00f3i, defendendo-se das acusa\u00e7\u00f5es de que teria se tornado um &#8220;bra\u00e7o pol\u00edtico&#8221; do governo.<\/p>\n<\/blockquote>\n\n\n\n<p class=\"wp-block-paragraph\">\u200bApesar dos ataques, Lula demonstrou entusiasmo nas redes sociais, classificando a noite como uma &#8220;celebra\u00e7\u00e3o da cultura brasileira&#8221;. Para o governo, o epis\u00f3dio termina com saldo positivo: a homenagem foi entregue, o palanque foi montado, e o risco jur\u00eddico foi mitigado pelo &#8220;passo atr\u00e1s&#8221; dado pela primeira-dama.<\/p>\n","protected":false},"excerpt":{"rendered":"<p>RIO DE JANEIRO \u2013 O clima nos bastidores do Pal\u00e1cio do Planalto e entre parlamentares da base governista \u00e9 de &#8220;miss\u00e3o cumprida&#8221; e al\u00edvio estrat\u00e9gico [&#8230;]<\/p>\n","protected":false},"author":1,"featured_media":4047,"comment_status":"open","ping_status":"open","sticky":false,"template":"","format":"standard","meta":{"_crdt_document":"","_jetpack_memberships_contains_paid_content":false,"footnotes":"","jetpack_publicize_message":"","jetpack_publicize_feature_enabled":true,"jetpack_social_post_already_shared":true,"jetpack_social_options":{"image_generator_settings":{"template":"highway","default_image_id":0,"font":"","enabled":false},"version":2}},"categories":[3],"tags":[],"class_list":["post-4046","post","type-post","status-publish","format-standard","has-post-thumbnail","hentry","category-brasil"],"jetpack_publicize_connections":[],"jetpack_featured_media_url":"https:\/\/i0.wp.com\/oexpressobr.com.br\/wp-content\/uploads\/2026\/02\/17712591626993451a85fa9_1771259162_3x2_xl.jpg?fit=1200%2C800&ssl=1","jetpack_likes_enabled":true,"jetpack_sharing_enabled":true,"_links":{"self":[{"href":"https:\/\/oexpressobr.com.br\/index.php?rest_route=\/wp\/v2\/posts\/4046","targetHints":{"allow":["GET"]}}],"collection":[{"href":"https:\/\/oexpressobr.com.br\/index.php?rest_route=\/wp\/v2\/posts"}],"about":[{"href":"https:\/\/oexpressobr.com.br\/index.php?rest_route=\/wp\/v2\/types\/post"}],"author":[{"embeddable":true,"href":"https:\/\/oexpressobr.com.br\/index.php?rest_route=\/wp\/v2\/users\/1"}],"replies":[{"embeddable":true,"href":"https:\/\/oexpressobr.com.br\/index.php?rest_route=%2Fwp%2Fv2%2Fcomments&post=4046"}],"version-history":[{"count":1,"href":"https:\/\/oexpressobr.com.br\/index.php?rest_route=\/wp\/v2\/posts\/4046\/revisions"}],"predecessor-version":[{"id":4048,"href":"https:\/\/oexpressobr.com.br\/index.php?rest_route=\/wp\/v2\/posts\/4046\/revisions\/4048"}],"wp:featuredmedia":[{"embeddable":true,"href":"https:\/\/oexpressobr.com.br\/index.php?rest_route=\/wp\/v2\/media\/4047"}],"wp:attachment":[{"href":"https:\/\/oexpressobr.com.br\/index.php?rest_route=%2Fwp%2Fv2%2Fmedia&parent=4046"}],"wp:term":[{"taxonomy":"category","embeddable":true,"href":"https:\/\/oexpressobr.com.br\/index.php?rest_route=%2Fwp%2Fv2%2Fcategories&post=4046"},{"taxonomy":"post_tag","embeddable":true,"href":"https:\/\/oexpressobr.com.br\/index.php?rest_route=%2Fwp%2Fv2%2Ftags&post=4046"}],"curies":[{"name":"wp","href":"https:\/\/api.w.org\/{rel}","templated":true}]}}