{"id":405,"date":"2025-12-08T07:06:32","date_gmt":"2025-12-08T10:06:32","guid":{"rendered":"https:\/\/oexpressobr.com.br\/?p=405"},"modified":"2025-12-08T07:06:33","modified_gmt":"2025-12-08T10:06:33","slug":"moraes-no-financial-times-a-ascensao-de-um-juiz-em-conflito-politico","status":"publish","type":"post","link":"https:\/\/oexpressobr.com.br\/?p=405","title":{"rendered":"Moraes no &#8216;Financial Times&#8217;: A Ascens\u00e3o de um Juiz em Conflito Pol\u00edtico"},"content":{"rendered":"\n<p class=\"wp-block-paragraph\">O <strong>Ministro Alexandre de Moraes<\/strong>, do Supremo Tribunal Federal (STF), foi inclu\u00eddo na prestigiada lista do jornal <strong>Financial Times<\/strong> das 25 Pessoas Mais Influentes do Ano, destacando-se na categoria &#8220;Her\u00f3is&#8221;. A homenagem ressalta o papel central do magistrado na defesa das institui\u00e7\u00f5es democr\u00e1ticas brasileiras, especialmente em face de ataques e desinforma\u00e7\u00e3o, um tema que tem dominado o cen\u00e1rio pol\u00edtico e jur\u00eddico do Brasil nos \u00faltimos anos.<\/p>\n\n\n\n<h3 class=\"wp-block-heading\">\u200bO Reconhecimento Internacional<\/h3>\n\n\n\n<p class=\"wp-block-paragraph\">\u200bA nomea\u00e7\u00e3o de Moraes pelo influente peri\u00f3dico brit\u00e2nico n\u00e3o \u00e9 apenas um reconhecimento pessoal, mas um endosso da comunidade internacional \u00e0 forma como o Judici\u00e1rio brasileiro tem lidado com a polariza\u00e7\u00e3o extrema. O FT frequentemente destaca l\u00edderes, ativistas e figuras p\u00fablicas que moldaram o ano. A inclus\u00e3o de Moraes na lista &#8220;Her\u00f3is&#8221; sublinha a vis\u00e3o de que suas decis\u00f5es, frequentemente controversas e de alto impacto, foram essenciais para proteger a ordem constitucional e o processo eleitoral.<\/p>\n\n\n\n<h3 class=\"wp-block-heading\">\u200bContexto das A\u00e7\u00f5es e \u00daltimas Novidades<\/h3>\n\n\n\n<p class=\"wp-block-paragraph\">\u200bAs a\u00e7\u00f5es de Moraes como relator de inqu\u00e9ritos cruciais, como o das <strong>Fake News<\/strong> e o dos <strong>Atos Antidemocr\u00e1ticos<\/strong>, colocaram-no no epicentro da tens\u00e3o pol\u00edtica, principalmente durante o governo de Jair Bolsonaro e o per\u00edodo eleitoral de 2022. Suas medidas inclu\u00edram a determina\u00e7\u00e3o de remo\u00e7\u00e3o de conte\u00fado enganoso de plataformas digitais e a pris\u00e3o de indiv\u00edduos acusados de amea\u00e7ar a democracia.<\/p>\n\n\n\n<p class=\"wp-block-paragraph\">\u200b<strong>\u00daltimos Desenvolvimentos:<\/strong><\/p>\n\n\n\n<ul class=\"wp-block-list\">\n<li>\u200b<strong>Regula\u00e7\u00e3o de Plataformas:<\/strong> O debate sobre a modera\u00e7\u00e3o de conte\u00fado e a responsabilidade das redes sociais, muitas vezes impulsionado pelas decis\u00f5es de Moraes, ganhou novos contornos. O Congresso Nacional segue discutindo o <strong>Projeto de Lei (PL) das Fake News (PL 2630\/2020)<\/strong>, que visa estabelecer regras claras para as plataformas, com intensa press\u00e3o de grupos que alegam censura e de outros que clamam por maior controle da desinforma\u00e7\u00e3o.<\/li>\n\n\n\n<li>\u200b<strong>Investiga\u00e7\u00f5es em Curso:<\/strong> Os inqu\u00e9ritos sob relatoria de Moraes continuam a avan\u00e7ar. O foco atual se volta para a investiga\u00e7\u00e3o de uma suposta <strong>&#8220;Abin paralela&#8221;<\/strong> e a apura\u00e7\u00e3o do planejamento e financiamento dos atos golpistas de <strong>8 de janeiro de 2023<\/strong>. O ministro tem reiterado a necessidade de puni\u00e7\u00e3o rigorosa para quem atenta contra as institui\u00e7\u00f5es.<\/li>\n\n\n\n<li>\u200b<strong>O Caso de Racismo Envolvendo Guzzardi:<\/strong> A men\u00e7\u00e3o ao caso de racismo envolvendo o jornalista e influenciador <strong>Leo Guzzardi<\/strong>, amplamente divulgado em m\u00eddias como a citada, serve como um lembrete do clima de tens\u00e3o e das diversas frentes de batalha que o Brasil enfrenta \u2013 da pol\u00edtica \u00e0 social. A judicializa\u00e7\u00e3o de quest\u00f5es de \u00f3dio e discrimina\u00e7\u00e3o \u00e9 um reflexo direto da necessidade de interven\u00e7\u00e3o do sistema de Justi\u00e7a para proteger direitos fundamentais.<\/li>\n<\/ul>\n\n\n\n<h3 class=\"wp-block-heading\">\u200bO Legado e as Cr\u00edticas<\/h3>\n\n\n\n<p class=\"wp-block-paragraph\">\u200bEnquanto \u00e9 celebrado internacionalmente como um &#8220;her\u00f3i&#8221; por uns, Moraes tamb\u00e9m enfrenta duras cr\u00edticas de setores pol\u00edticos e da sociedade civil que o acusam de excesso e ativismo judicial, argumentando que suas decis\u00f5es ferem a liberdade de express\u00e3o. No entanto, o Financial Times e seus apoiadores veem suas a\u00e7\u00f5es como uma firme resist\u00eancia contra a corros\u00e3o da democracia por meio da desinforma\u00e7\u00e3o estruturada.<\/p>\n\n\n\n<p class=\"wp-block-paragraph\">\u200bO reconhecimento do FT solidifica a imagem de Alexandre de Moraes como uma das figuras mais polarizadoras, mas inegavelmente <strong>mais influentes<\/strong>, do Brasil contempor\u00e2neo, um magistrado que optou por confrontar diretamente as amea\u00e7as \u00e0 ordem democr\u00e1tica em uma era de intensa turbul\u00eancia digital e pol\u00edtica.<\/p>\n","protected":false},"excerpt":{"rendered":"<p>O Ministro Alexandre de Moraes, do Supremo Tribunal Federal (STF), foi inclu\u00eddo na prestigiada lista do jornal Financial Times das 25 Pessoas Mais Influentes do [&#8230;]<\/p>\n","protected":false},"author":1,"featured_media":406,"comment_status":"open","ping_status":"open","sticky":false,"template":"","format":"standard","meta":{"_crdt_document":"","_jetpack_memberships_contains_paid_content":false,"footnotes":"","jetpack_publicize_message":"","jetpack_publicize_feature_enabled":true,"jetpack_social_post_already_shared":false,"jetpack_social_options":{"image_generator_settings":{"template":"highway","default_image_id":0,"font":"","enabled":false},"version":2}},"categories":[8],"tags":[],"class_list":["post-405","post","type-post","status-publish","format-standard","has-post-thumbnail","hentry","category-judiciario"],"jetpack_publicize_connections":[],"jetpack_featured_media_url":"https:\/\/i0.wp.com\/oexpressobr.com.br\/wp-content\/uploads\/2025\/12\/IMG-20251208-WA0047.jpg?fit=799%2C533&ssl=1","jetpack_likes_enabled":true,"jetpack_sharing_enabled":true,"_links":{"self":[{"href":"https:\/\/oexpressobr.com.br\/index.php?rest_route=\/wp\/v2\/posts\/405","targetHints":{"allow":["GET"]}}],"collection":[{"href":"https:\/\/oexpressobr.com.br\/index.php?rest_route=\/wp\/v2\/posts"}],"about":[{"href":"https:\/\/oexpressobr.com.br\/index.php?rest_route=\/wp\/v2\/types\/post"}],"author":[{"embeddable":true,"href":"https:\/\/oexpressobr.com.br\/index.php?rest_route=\/wp\/v2\/users\/1"}],"replies":[{"embeddable":true,"href":"https:\/\/oexpressobr.com.br\/index.php?rest_route=%2Fwp%2Fv2%2Fcomments&post=405"}],"version-history":[{"count":0,"href":"https:\/\/oexpressobr.com.br\/index.php?rest_route=\/wp\/v2\/posts\/405\/revisions"}],"wp:featuredmedia":[{"embeddable":true,"href":"https:\/\/oexpressobr.com.br\/index.php?rest_route=\/wp\/v2\/media\/406"}],"wp:attachment":[{"href":"https:\/\/oexpressobr.com.br\/index.php?rest_route=%2Fwp%2Fv2%2Fmedia&parent=405"}],"wp:term":[{"taxonomy":"category","embeddable":true,"href":"https:\/\/oexpressobr.com.br\/index.php?rest_route=%2Fwp%2Fv2%2Fcategories&post=405"},{"taxonomy":"post_tag","embeddable":true,"href":"https:\/\/oexpressobr.com.br\/index.php?rest_route=%2Fwp%2Fv2%2Ftags&post=405"}],"curies":[{"name":"wp","href":"https:\/\/api.w.org\/{rel}","templated":true}]}}