{"id":4062,"date":"2026-02-17T11:51:46","date_gmt":"2026-02-17T14:51:46","guid":{"rendered":"https:\/\/oexpressobr.com.br\/?p=4062"},"modified":"2026-02-17T11:51:48","modified_gmt":"2026-02-17T14:51:48","slug":"coreia-do-norte-nigeria-e-o-avanco-da-perseguicao-polida-no-ocidente-os-novos-rostos-da-intolerancia-religiosa","status":"publish","type":"post","link":"https:\/\/oexpressobr.com.br\/?p=4062","title":{"rendered":"COREIA DO NORTE, Nig\u00e9ria e o avan\u00e7o da &#8220;persegui\u00e7\u00e3o polida&#8221; no Ocidente: os novos rostos da intoler\u00e2ncia religiosa"},"content":{"rendered":"\n<p class=\"wp-block-paragraph\">A liberdade de cren\u00e7a vive um de seus momentos mais cr\u00edticos no s\u00e9culo XXI. De acordo com os relat\u00f3rios mais recentes de 2025 e as proje\u00e7\u00f5es para 2026 da Ajuda \u00e0 Igreja que Sofre (ACN) e da organiza\u00e7\u00e3o Portas Abertas, mais de <strong>5,4 bilh\u00f5es de pessoas<\/strong> \u2014 cerca de dois ter\u00e7os da humanidade \u2014 vivem hoje em pa\u00edses onde a liberdade religiosa \u00e9 gravemente violada ou inexistente.<\/p>\n\n\n\n<p class=\"wp-block-paragraph\">\u200bO cen\u00e1rio atual revela que a persegui\u00e7\u00e3o n\u00e3o \u00e9 movida apenas pelo fanatismo ideol\u00f3gico, mas tamb\u00e9m por uma intrincada rede de <strong>lucro, controle social e busca desenfreada por poder<\/strong>. Se por um lado o sangue continua a ser derramado em regi\u00f5es de conflito expl\u00edcito, por outro, surge uma modalidade silenciosa e estrat\u00e9gica de repress\u00e3o nas democracias modernas.<\/p>\n\n\n\n<h3 class=\"wp-block-heading\">\u200bO Tri\u00e2ngulo da Persegui\u00e7\u00e3o: Fanatismo, Lucro e Poder<\/h3>\n\n\n\n<p class=\"wp-block-paragraph\">\u200bHistoricamente associada a diverg\u00eancias teol\u00f3gicas, a intoler\u00e2ncia contempor\u00e2nea tem causas muito mais pragm\u00e1ticas:<\/p>\n\n\n\n<ol class=\"wp-block-list\">\n<li>\u200b<strong>Fanatismo como Ferramenta:<\/strong> Grupos extremistas e regimes totalit\u00e1rios utilizam a f\u00e9 como um catalisador de \u00f3dio para unificar bases e desumanizar o &#8220;outro&#8221;, facilitando o controle populacional.<\/li>\n\n\n\n<li>\u200b<strong>Lucro e Crime Organizado:<\/strong> Na \u00c1frica Subsaariana e na Am\u00e9rica Latina, a f\u00e9 tornou-se alvo do crime organizado. O sequestro de l\u00edderes religiosos para pedido de resgate e a extors\u00e3o de comunidades de f\u00e9 transformaram a religi\u00e3o em um &#8220;neg\u00f3cio&#8221; rent\u00e1vel para mil\u00edcias e cart\u00e9is.<\/li>\n\n\n\n<li>\u200b<strong>Manuten\u00e7\u00e3o do Poder:<\/strong> Em pa\u00edses como a <strong>Coreia do Norte<\/strong> (que lidera o ranking de persegui\u00e7\u00e3o em 2026) e a <strong>China<\/strong>, qualquer lealdade que n\u00e3o seja ao Estado \u00e9 vista como trai\u00e7\u00e3o. O controle da f\u00e9 \u00e9, em \u00faltima an\u00e1lise, o controle do pensamento.<\/li>\n<\/ol>\n\n\n\n<h3 class=\"wp-block-heading\">\u200bO Mapa da Crise em 2025\/2026<\/h3>\n\n\n\n<p class=\"wp-block-paragraph\">\u200bOs dados rec\u00e9m-divulgados trazem alertas vermelhos em diferentes continentes:<\/p>\n\n\n\n<ul class=\"wp-block-list\">\n<li>\u200b<strong>\u00c1frica Subsaariana (O Epicentro da Viol\u00eancia):<\/strong> A <strong>Nig\u00e9ria<\/strong> continua sendo o pa\u00eds com o maior n\u00famero de mortes de crist\u00e3os no mundo. Em 2025, o n\u00famero de assassinatos por motivos religiosos voltou a crescer, atingindo a m\u00e9dia de 13 mortes por dia.<\/li>\n\n\n\n<li>\u200b<strong>Oriente M\u00e9dio e \u00c1sia:<\/strong> A <strong>S\u00edria<\/strong> saltou para o grupo de persegui\u00e7\u00e3o &#8220;extrema&#8221; ap\u00f3s a queda do regime de Bashar al-Assad em dezembro de 2024, que deixou um v\u00e1cuo de poder ocupado por mil\u00edcias radicais. Na <strong>\u00cdndia<\/strong>, o nacionalismo religioso tem isolado minorias de forma sistem\u00e1tica.<\/li>\n\n\n\n<li>\u200b<strong>O Fen\u00f4meno da &#8220;Persegui\u00e7\u00e3o Polida&#8221;:<\/strong> O relat\u00f3rio da ACN destaca um crescimento alarmante de incidentes no Ocidente. Na <strong>Fran\u00e7a<\/strong>, registraram-se mil ataques a templos em um ano; nos <strong>Estados Unidos<\/strong>, o vandalismo contra igrejas subiu drasticamente. O termo descreve a tentativa de silenciar a f\u00e9 no espa\u00e7o p\u00fablico atrav\u00e9s de press\u00f5es culturais e jur\u00eddicas, muitas vezes sob o disfarce de neutralidade estatal.<\/li>\n<\/ul>\n\n\n\n<h3 class=\"wp-block-heading\">\u200bVigil\u00e2ncia e Tecnologia<\/h3>\n\n\n\n<p class=\"wp-block-paragraph\">\u200bUm dos pontos mais sombrios da persegui\u00e7\u00e3o atual \u00e9 o uso da tecnologia de ponta. Governos autorit\u00e1rios agora utilizam <strong>reconhecimento facial, biometria e monitoramento de redes sociais<\/strong> para identificar e punir cidad\u00e3os que participam de cultos clandestinos ou expressam opini\u00f5es religiosas dissidentes. No Paquist\u00e3o e na China, a vigil\u00e2ncia digital tornou-se a nova muralha contra a liberdade de consci\u00eancia.<\/p>\n\n\n\n<h3 class=\"wp-block-heading\">\u200bConclus\u00e3o<\/h3>\n\n\n\n<p class=\"wp-block-paragraph\">\u200bA persegui\u00e7\u00e3o religiosa no mundo moderno deixou de ser um resqu\u00edcio do passado para se tornar uma estrat\u00e9gia pol\u00edtica e econ\u00f4mica sofisticada. Seja atrav\u00e9s do fuzil de um extremista na Nig\u00e9ria ou da caneta de um burocrata em uma democracia ocidental, o alvo \u00e9 o mesmo: a dignidade humana de viver de acordo com a pr\u00f3pria consci\u00eancia. Como aponta o Cardeal Pietro Parolin no novo relat\u00f3rio da ACN, a liberdade religiosa n\u00e3o \u00e9 um privil\u00e9gio concedido por governos, mas a base fundamental para a paz e a justi\u00e7a em qualquer sociedade.<\/p>\n","protected":false},"excerpt":{"rendered":"<p>A liberdade de cren\u00e7a vive um de seus momentos mais cr\u00edticos no s\u00e9culo XXI. De acordo com os relat\u00f3rios mais recentes de 2025 e as [&#8230;]<\/p>\n","protected":false},"author":1,"featured_media":4063,"comment_status":"open","ping_status":"open","sticky":false,"template":"","format":"standard","meta":{"_crdt_document":"","_jetpack_memberships_contains_paid_content":false,"footnotes":"","jetpack_publicize_message":"","jetpack_publicize_feature_enabled":true,"jetpack_social_post_already_shared":true,"jetpack_social_options":{"image_generator_settings":{"template":"highway","default_image_id":0,"font":"","enabled":false},"version":2}},"categories":[15],"tags":[],"class_list":["post-4062","post","type-post","status-publish","format-standard","has-post-thumbnail","hentry","category-internacional"],"jetpack_publicize_connections":[],"jetpack_featured_media_url":"https:\/\/i0.wp.com\/oexpressobr.com.br\/wp-content\/uploads\/2026\/02\/IMG-20260217-WA0170.png?fit=1687%2C1124&ssl=1","jetpack_likes_enabled":true,"jetpack_sharing_enabled":true,"_links":{"self":[{"href":"https:\/\/oexpressobr.com.br\/index.php?rest_route=\/wp\/v2\/posts\/4062","targetHints":{"allow":["GET"]}}],"collection":[{"href":"https:\/\/oexpressobr.com.br\/index.php?rest_route=\/wp\/v2\/posts"}],"about":[{"href":"https:\/\/oexpressobr.com.br\/index.php?rest_route=\/wp\/v2\/types\/post"}],"author":[{"embeddable":true,"href":"https:\/\/oexpressobr.com.br\/index.php?rest_route=\/wp\/v2\/users\/1"}],"replies":[{"embeddable":true,"href":"https:\/\/oexpressobr.com.br\/index.php?rest_route=%2Fwp%2Fv2%2Fcomments&post=4062"}],"version-history":[{"count":1,"href":"https:\/\/oexpressobr.com.br\/index.php?rest_route=\/wp\/v2\/posts\/4062\/revisions"}],"predecessor-version":[{"id":4064,"href":"https:\/\/oexpressobr.com.br\/index.php?rest_route=\/wp\/v2\/posts\/4062\/revisions\/4064"}],"wp:featuredmedia":[{"embeddable":true,"href":"https:\/\/oexpressobr.com.br\/index.php?rest_route=\/wp\/v2\/media\/4063"}],"wp:attachment":[{"href":"https:\/\/oexpressobr.com.br\/index.php?rest_route=%2Fwp%2Fv2%2Fmedia&parent=4062"}],"wp:term":[{"taxonomy":"category","embeddable":true,"href":"https:\/\/oexpressobr.com.br\/index.php?rest_route=%2Fwp%2Fv2%2Fcategories&post=4062"},{"taxonomy":"post_tag","embeddable":true,"href":"https:\/\/oexpressobr.com.br\/index.php?rest_route=%2Fwp%2Fv2%2Ftags&post=4062"}],"curies":[{"name":"wp","href":"https:\/\/api.w.org\/{rel}","templated":true}]}}