{"id":4065,"date":"2026-02-17T11:55:47","date_gmt":"2026-02-17T14:55:47","guid":{"rendered":"https:\/\/oexpressobr.com.br\/?p=4065"},"modified":"2026-02-17T11:55:48","modified_gmt":"2026-02-17T14:55:48","slug":"academicos-do-tucuruvi-vence-grupo-de-acesso-e-sobe-para-a-elite-com-a-perola-negra","status":"publish","type":"post","link":"https:\/\/oexpressobr.com.br\/?p=4065","title":{"rendered":"Acad\u00eamicos do Tucuruvi vence Grupo de Acesso e sobe para a elite com a P\u00e9rola Negra"},"content":{"rendered":"\n<p class=\"wp-block-paragraph\">\u200bA apura\u00e7\u00e3o do Carnaval de S\u00e3o Paulo trouxe uma explos\u00e3o de alegria para as zonas Norte e Oeste da capital. Com uma disputa acirrada decidida nos detalhes, a <strong>Acad\u00eamicos do Tucuruvi<\/strong> sagrou-se campe\u00e3 do Grupo de Acesso, garantindo seu retorno triunfal ao Grupo Especial em 2027. Ao lado dela, a tradicional <strong>P\u00e9rola Negra<\/strong> tamb\u00e9m carimbou o passaporte para a elite do samba paulistano.<\/p>\n\n\n\n<h3 class=\"wp-block-heading\">\u200bO triunfo do &#8220;Anti-Her\u00f3i&#8221;<\/h3>\n\n\n\n<p class=\"wp-block-paragraph\">\u200bA Tucuruvi dominou a avenida com o enredo <strong>&#8220;Anti-Her\u00f3i Brasil&#8221;<\/strong>, uma proposta que uniu cr\u00edtica social, irrever\u00eancia e uma pl\u00e1stica impec\u00e1vel. A escola da Cantareira confirmou o favoritismo que j\u00e1 ecoava nas arquibancadas, somando as notas necess\u00e1rias para levantar o caneco e consolidar sua posi\u00e7\u00e3o como uma das pot\u00eancias do samba que busca se estabilizar no topo.<\/p>\n\n\n\n<h3 class=\"wp-block-heading\">\u200bEmo\u00e7\u00e3o e desempate no segundo lugar<\/h3>\n\n\n\n<p class=\"wp-block-paragraph\">\u200bSe o t\u00edtulo da Tucuruvi veio com certa folga, a briga pela segunda vaga foi um verdadeiro teste para o cora\u00e7\u00e3o dos torcedores. <strong>P\u00e9rola Negra<\/strong> e <strong>Mancha Verde<\/strong> protagonizaram um duelo nota a nota, terminando a apura\u00e7\u00e3o rigorosamente empatadas com <strong>269,4 pontos<\/strong>.<\/p>\n\n\n\n<p class=\"wp-block-paragraph\">\u200bA defini\u00e7\u00e3o veio apenas nos <strong>crit\u00e9rios de desempate<\/strong> estabelecidos pelo regulamento da Liga-SP. A Joia Rara da Vila Madalena levou a melhor, deixando a Mancha Verde na terceira posi\u00e7\u00e3o e garantindo o acesso para 2027.<\/p>\n\n\n\n<blockquote class=\"wp-block-quote is-layout-flow wp-block-quote-is-layout-flow\">\n<p class=\"wp-block-paragraph\">\u200b&#8221;Foi um trabalho de formiguinha, cada detalhe no barrac\u00e3o contou para que hoje pud\u00e9ssemos comemorar esse retorno ao lugar de onde nunca dever\u00edamos ter sa\u00eddo&#8221;, afirmou um integrante da diretoria da P\u00e9rola Negra durante a celebra\u00e7\u00e3o.<\/p>\n<\/blockquote>\n\n\n\n<h3 class=\"wp-block-heading\">\u200bO que esperar para 2027<\/h3>\n\n\n\n<p class=\"wp-block-paragraph\">\u200bCom a ascens\u00e3o de Tucuruvi e P\u00e9rola Negra, o Grupo Especial ganha duas escolas de comunidades fortes e hist\u00f3rico de grandes desfiles. As agremia\u00e7\u00f5es agora iniciam o planejamento financeiro e art\u00edstico para enfrentar o desafio de se manterem na elite no pr\u00f3ximo ciclo carnavalesco.<\/p>\n\n\n\n<p class=\"wp-block-paragraph\">\u200b<strong>Resumo da Classifica\u00e7\u00e3o:<\/strong><\/p>\n\n\n\n<ul class=\"wp-block-list\">\n<li>\u200b<strong>Campe\u00e3:<\/strong> Acad\u00eamicos do Tucuruvi (Acesso \u00e0 elite)<\/li>\n\n\n\n<li>\u200b<strong>Vice-campe\u00e3:<\/strong> P\u00e9rola Negra (Acesso \u00e0 elite via desempate)<\/li>\n\n\n\n<li>\u200b<strong>3\u00ba lugar:<\/strong> Mancha Verde<\/li>\n<\/ul>\n","protected":false},"excerpt":{"rendered":"<p>\u200bA apura\u00e7\u00e3o do Carnaval de S\u00e3o Paulo trouxe uma explos\u00e3o de alegria para as zonas Norte e Oeste da capital. Com uma disputa acirrada decidida [&#8230;]<\/p>\n","protected":false},"author":1,"featured_media":4066,"comment_status":"open","ping_status":"open","sticky":false,"template":"","format":"standard","meta":{"_crdt_document":"","_jetpack_memberships_contains_paid_content":false,"footnotes":"","jetpack_publicize_message":"","jetpack_publicize_feature_enabled":true,"jetpack_social_post_already_shared":true,"jetpack_social_options":{"image_generator_settings":{"template":"highway","default_image_id":0,"font":"","enabled":false},"version":2}},"categories":[46],"tags":[],"class_list":["post-4065","post","type-post","status-publish","format-standard","has-post-thumbnail","hentry","category-cidades"],"jetpack_publicize_connections":[],"jetpack_featured_media_url":"https:\/\/i0.wp.com\/oexpressobr.com.br\/wp-content\/uploads\/2026\/02\/IMG-20260217-WA0171.jpg?fit=615%2C470&ssl=1","jetpack_likes_enabled":true,"jetpack_sharing_enabled":true,"_links":{"self":[{"href":"https:\/\/oexpressobr.com.br\/index.php?rest_route=\/wp\/v2\/posts\/4065","targetHints":{"allow":["GET"]}}],"collection":[{"href":"https:\/\/oexpressobr.com.br\/index.php?rest_route=\/wp\/v2\/posts"}],"about":[{"href":"https:\/\/oexpressobr.com.br\/index.php?rest_route=\/wp\/v2\/types\/post"}],"author":[{"embeddable":true,"href":"https:\/\/oexpressobr.com.br\/index.php?rest_route=\/wp\/v2\/users\/1"}],"replies":[{"embeddable":true,"href":"https:\/\/oexpressobr.com.br\/index.php?rest_route=%2Fwp%2Fv2%2Fcomments&post=4065"}],"version-history":[{"count":1,"href":"https:\/\/oexpressobr.com.br\/index.php?rest_route=\/wp\/v2\/posts\/4065\/revisions"}],"predecessor-version":[{"id":4067,"href":"https:\/\/oexpressobr.com.br\/index.php?rest_route=\/wp\/v2\/posts\/4065\/revisions\/4067"}],"wp:featuredmedia":[{"embeddable":true,"href":"https:\/\/oexpressobr.com.br\/index.php?rest_route=\/wp\/v2\/media\/4066"}],"wp:attachment":[{"href":"https:\/\/oexpressobr.com.br\/index.php?rest_route=%2Fwp%2Fv2%2Fmedia&parent=4065"}],"wp:term":[{"taxonomy":"category","embeddable":true,"href":"https:\/\/oexpressobr.com.br\/index.php?rest_route=%2Fwp%2Fv2%2Fcategories&post=4065"},{"taxonomy":"post_tag","embeddable":true,"href":"https:\/\/oexpressobr.com.br\/index.php?rest_route=%2Fwp%2Fv2%2Ftags&post=4065"}],"curies":[{"name":"wp","href":"https:\/\/api.w.org\/{rel}","templated":true}]}}