{"id":4068,"date":"2026-02-17T12:00:15","date_gmt":"2026-02-17T15:00:15","guid":{"rendered":"https:\/\/oexpressobr.com.br\/?p=4068"},"modified":"2026-02-17T12:00:16","modified_gmt":"2026-02-17T15:00:16","slug":"beija-flor-e-viradouro-dominam-a-sapucai-e-despontam-como-favoritas-ao-titulo-do-carnaval-2026","status":"publish","type":"post","link":"https:\/\/oexpressobr.com.br\/?p=4068","title":{"rendered":"BEIJA-FLOR E VIRADOURO dominam a Sapuca\u00ed e despontam como favoritas ao t\u00edtulo do Carnaval 2026"},"content":{"rendered":"\n<p class=\"wp-block-paragraph\">\u200bO segundo dia de desfiles do Grupo Especial do Rio de Janeiro, realizado nesta segunda-feira (16), foi marcado por um duelo de gigantes que incendiou a Marqu\u00eas de Sapuca\u00ed. <strong>Beija-Flor de Nil\u00f3polis<\/strong> e <strong>Unidos do Viradouro<\/strong> entregaram apresenta\u00e7\u00f5es tecnicamente impec\u00e1veis e emocionalmente arrebatadoras, consolidando-se como as principais candidatas ao trof\u00e9u de campe\u00e3.<\/p>\n\n\n\n<h3 class=\"wp-block-heading\">\u200bBeija-Flor: O sagrado e o luxo de Nil\u00f3polis<\/h3>\n\n\n\n<p class=\"wp-block-paragraph\">\u200bA &#8220;Deusa da Passarela&#8221; entrou na avenida com a miss\u00e3o de buscar o bicampeonato. Sob o comando do carnavalesco Jo\u00e3o Vitor Ara\u00fajo, a escola apresentou o enredo <strong>&#8220;Bemb\u00e9 do Mercado, o novo quilombo de negros nag\u00f4s&#8221;<\/strong>, celebrando a hist\u00f3rica cerim\u00f4nia de candombl\u00e9 de rua de Santo Amaro da Purifica\u00e7\u00e3o (BA).<\/p>\n\n\n\n<ul class=\"wp-block-list\">\n<li>\u200b<strong>Destaque T\u00e9cnico:<\/strong> A comiss\u00e3o de frente impressionou jurados e p\u00fablico com um barco que se transformava visualmente em uma &#8220;M\u00e3e D&#8217;\u00e1gua&#8221; em plena pista.<\/li>\n\n\n\n<li>\u200b<strong>Novos Rumos:<\/strong> O desfile marcou o primeiro ano da escola sem Neguinho da Beija-Flor como int\u00e9rprete oficial (agora baluarte), com a dupla <strong>Nino do Mil\u00eanio e J\u00e9ssica Mart\u00edn<\/strong> segurando o canto com vigor.<\/li>\n\n\n\n<li>\u200b<strong>Visual:<\/strong> O acabamento das alegorias e o luxo das fantasias reafirmaram a identidade pl\u00e1stica imponente da agremia\u00e7\u00e3o de Nil\u00f3polis.<\/li>\n<\/ul>\n\n\n\n<h3 class=\"wp-block-heading\">\u200bViradouro: A &#8220;Jogada de Mestre&#8221; de Niter\u00f3i<\/h3>\n\n\n\n<p class=\"wp-block-paragraph\">\u200bEncerrando a madrugada com gritos de &#8220;\u00e9 campe\u00e3&#8221;, a Viradouro levou para a avenida uma homenagem em vida a uma de suas maiores lendas: <strong>Mestre Ci\u00e7a<\/strong>. O enredo <strong>&#8220;Pra Cima, Ci\u00e7a!&#8221;<\/strong> n\u00e3o apenas contou a hist\u00f3ria do comandante da bateria, mas reviveu momentos ic\u00f4nicos da pr\u00f3pria escola.<\/p>\n\n\n\n<ul class=\"wp-block-list\">\n<li>\u200b<strong>Momento Hist\u00f3rico:<\/strong> O carnavalesco Paulo Barros repetiu sua famosa inova\u00e7\u00e3o de 2007, levando toda a bateria para cima de um carro aleg\u00f3rico. O \u00e1pice ocorreu quando Ci\u00e7a subiu ao topo da alegoria de m\u00e3os dadas com a atriz <strong>Juliana Paes<\/strong>, que retornou como rainha de bateria para a homenagem.<\/li>\n\n\n\n<li>\u200b<strong>Emo\u00e7\u00e3o e T\u00e9cnica:<\/strong> A escola de Niter\u00f3i recebeu o prestigiado <strong>Estandarte de Ouro<\/strong> de Melhor Escola da segunda noite, refor\u00e7ando sua for\u00e7a nos quesitos de pista e harmonia.<\/li>\n\n\n\n<li>\u200b<strong>O Cora\u00e7\u00e3o da Escola:<\/strong> Um carro aleg\u00f3rico com um cora\u00e7\u00e3o gigante pulsante, simbolizando o ritmo de Ci\u00e7a, foi um dos visuais mais comentados da noite.<\/li>\n<\/ul>\n\n\n\n<h3 class=\"wp-block-heading\">\u200bOutros Destaques da Noite<\/h3>\n\n\n\n<p class=\"wp-block-paragraph\">\u200bA segunda noite ainda contou com a <strong>Mocidade Independente de Padre Miguel<\/strong>, que emocionou ao homenagear a &#8220;padroeira da liberdade&#8221;, <strong>Rita Lee<\/strong>, e a <strong>Unidos da Tijuca<\/strong>, que fechou as apresenta\u00e7\u00f5es celebrando a trajet\u00f3ria da escritora <strong>Carolina Maria de Jesus<\/strong>.<\/p>\n\n\n\n<blockquote class=\"wp-block-quote is-layout-flow wp-block-quote-is-layout-flow\">\n<p class=\"wp-block-paragraph\">\u200b<strong>O que vem agora:<\/strong> Os desfiles do Grupo Especial terminam nesta ter\u00e7a-feira (17) com agremia\u00e7\u00f5es como Vila Isabel e Grande Rio. A apura\u00e7\u00e3o oficial ocorre amanh\u00e3, quarta-feira de cinzas (18), a partir das 16h.<\/p>\n<\/blockquote>\n","protected":false},"excerpt":{"rendered":"<p>\u200bO segundo dia de desfiles do Grupo Especial do Rio de Janeiro, realizado nesta segunda-feira (16), foi marcado por um duelo de gigantes que incendiou [&#8230;]<\/p>\n","protected":false},"author":1,"featured_media":4069,"comment_status":"open","ping_status":"open","sticky":false,"template":"","format":"standard","meta":{"_crdt_document":"","_jetpack_memberships_contains_paid_content":false,"footnotes":"","jetpack_publicize_message":"","jetpack_publicize_feature_enabled":true,"jetpack_social_post_already_shared":true,"jetpack_social_options":{"image_generator_settings":{"template":"highway","default_image_id":0,"font":"","enabled":false},"version":2}},"categories":[46],"tags":[],"class_list":["post-4068","post","type-post","status-publish","format-standard","has-post-thumbnail","hentry","category-cidades"],"jetpack_publicize_connections":[],"jetpack_featured_media_url":"https:\/\/i0.wp.com\/oexpressobr.com.br\/wp-content\/uploads\/2026\/02\/IMG-20260217-WA0174.jpg?fit=1600%2C1066&ssl=1","jetpack_likes_enabled":true,"jetpack_sharing_enabled":true,"_links":{"self":[{"href":"https:\/\/oexpressobr.com.br\/index.php?rest_route=\/wp\/v2\/posts\/4068","targetHints":{"allow":["GET"]}}],"collection":[{"href":"https:\/\/oexpressobr.com.br\/index.php?rest_route=\/wp\/v2\/posts"}],"about":[{"href":"https:\/\/oexpressobr.com.br\/index.php?rest_route=\/wp\/v2\/types\/post"}],"author":[{"embeddable":true,"href":"https:\/\/oexpressobr.com.br\/index.php?rest_route=\/wp\/v2\/users\/1"}],"replies":[{"embeddable":true,"href":"https:\/\/oexpressobr.com.br\/index.php?rest_route=%2Fwp%2Fv2%2Fcomments&post=4068"}],"version-history":[{"count":1,"href":"https:\/\/oexpressobr.com.br\/index.php?rest_route=\/wp\/v2\/posts\/4068\/revisions"}],"predecessor-version":[{"id":4070,"href":"https:\/\/oexpressobr.com.br\/index.php?rest_route=\/wp\/v2\/posts\/4068\/revisions\/4070"}],"wp:featuredmedia":[{"embeddable":true,"href":"https:\/\/oexpressobr.com.br\/index.php?rest_route=\/wp\/v2\/media\/4069"}],"wp:attachment":[{"href":"https:\/\/oexpressobr.com.br\/index.php?rest_route=%2Fwp%2Fv2%2Fmedia&parent=4068"}],"wp:term":[{"taxonomy":"category","embeddable":true,"href":"https:\/\/oexpressobr.com.br\/index.php?rest_route=%2Fwp%2Fv2%2Fcategories&post=4068"},{"taxonomy":"post_tag","embeddable":true,"href":"https:\/\/oexpressobr.com.br\/index.php?rest_route=%2Fwp%2Fv2%2Ftags&post=4068"}],"curies":[{"name":"wp","href":"https:\/\/api.w.org\/{rel}","templated":true}]}}