{"id":4071,"date":"2026-02-18T05:56:09","date_gmt":"2026-02-18T08:56:09","guid":{"rendered":"https:\/\/oexpressobr.com.br\/?p=4071"},"modified":"2026-02-18T05:56:12","modified_gmt":"2026-02-18T08:56:12","slug":"moraes-autoriza-operacao-da-pf-contra-servidores-da-receita-por-vazamento-de-dados-de-ministros-no-caso-banco-master","status":"publish","type":"post","link":"https:\/\/oexpressobr.com.br\/?p=4071","title":{"rendered":"Moraes autoriza opera\u00e7\u00e3o da PF contra servidores da Receita por vazamento de dados de ministros no caso Banco Master"},"content":{"rendered":"\n<p class=\"wp-block-paragraph\">O ministro Alexandre de Moraes, do Supremo Tribunal Federal (STF), determinou nesta ter\u00e7a-feira (17) que a Pol\u00edcia Federal cumprisse mandados de busca e apreens\u00e3o contra quatro servidores suspeitos de acessar e vazar ilegalmente dados fiscais de magistrados da Corte e de seus familiares. A medida ocorre no \u00e1pice de uma crise institucional que conecta o sigilo de autoridades ao chamado &#8220;caso do Banco Master&#8221;.<\/p>\n\n\n\n<p class=\"wp-block-paragraph\">\u200bSegundo Moraes, a exposi\u00e7\u00e3o dessas informa\u00e7\u00f5es n\u00e3o teve como objetivo a fiscaliza\u00e7\u00e3o tribut\u00e1ria leg\u00edtima, mas sim a produ\u00e7\u00e3o de &#8220;suspeitas artificiais de dif\u00edcil dissipa\u00e7\u00e3o&#8221;. O ministro argumenta que o vazamento foi orquestrado para alimentar narrativas dentro do contexto das investiga\u00e7\u00f5es que envolvem o Banco Master e o empres\u00e1rio Daniel Vorcaro, tentando criar falsas conex\u00f5es para desestabilizar os investigadores e a c\u00fapula do Judici\u00e1rio.<\/p>\n\n\n\n<p class=\"wp-block-paragraph\">\u200b<strong>Servidores identificados e medidas cautelares<\/strong><\/p>\n\n\n\n<p class=\"wp-block-paragraph\">A opera\u00e7\u00e3o, autorizada no \u00e2mbito do Inqu\u00e9rito 4.781 (Fake News), atingiu servidores em S\u00e3o Paulo, Rio de Janeiro e Bahia. Os nomes divulgados foram:<\/p>\n\n\n\n<ul class=\"wp-block-list\">\n<li>\u200b<strong>Ricardo Mansano de Moraes<\/strong>: Auditor fiscal em S\u00e3o Paulo.<\/li>\n\n\n\n<li>\u200b<strong>Luiz Ant\u00f4nio Martins Nunes<\/strong>: Funcion\u00e1rio do Serpro lotado no Rio de Janeiro.<\/li>\n\n\n\n<li>\u200b<strong>Luciano Pery Santos Nascimento<\/strong>: T\u00e9cnico do Seguro Social na Bahia.<\/li>\n\n\n\n<li>\u200b<strong>Ruth Machado dos Santos<\/strong>: Agente administrativa da Receita no Guaruj\u00e1 (SP).<\/li>\n<\/ul>\n\n\n\n<p class=\"wp-block-paragraph\">\u200bAl\u00e9m das buscas, Moraes imp\u00f4s medidas cautelares rigorosas: os investigados est\u00e3o afastados de suas fun\u00e7\u00f5es p\u00fablicas, tiveram passaportes cancelados, est\u00e3o proibidos de deixar o pa\u00eds e dever\u00e3o utilizar tornozeleira eletr\u00f4nica. Eles tamb\u00e9m foram proibidos de acessar pr\u00e9dios da Receita e do Serpro.<\/p>\n\n\n\n<p class=\"wp-block-paragraph\">\u200b<strong>O contexto do Banco Master<\/strong><\/p>\n\n\n\n<p class=\"wp-block-paragraph\">A investiga\u00e7\u00e3o sobre os vazamentos ganhou for\u00e7a ap\u00f3s a Receita Federal admitir, em auditoria interna, que houve &#8220;m\u00faltiplos acessos il\u00edcitos&#8221; aos sistemas. O pano de fundo \u00e9 a Opera\u00e7\u00e3o Compliance Zero, que apura fraudes bilion\u00e1rias. Recentemente, a relatoria do caso no STF mudou de m\u00e3os: o ministro Dias Toffoli deixou o processo ap\u00f3s revela\u00e7\u00f5es sobre neg\u00f3cios de seus familiares com um fundo investigado, sendo substitu\u00eddo pelo ministro Andr\u00e9 Mendon\u00e7a.<\/p>\n\n\n\n<p class=\"wp-block-paragraph\">\u200bEm nota, a Receita Federal afirmou que seus sistemas s\u00e3o &#8220;totalmente rastre\u00e1veis&#8221; e que qualquer desvio \u00e9 &#8220;audit\u00e1vel e pun\u00edvel&#8221;. J\u00e1 a Unafisco (Associa\u00e7\u00e3o Nacional dos Auditores Fiscais) expressou preocupa\u00e7\u00e3o com as medidas, defendendo o devido processo legal e a presun\u00e7\u00e3o de inoc\u00eancia dos servidores at\u00e9 o fim das investiga\u00e7\u00f5es.<\/p>\n\n\n\n<p class=\"wp-block-paragraph\">\u200bO material coletado pela PF ser\u00e1 analisado para identificar se houve comando externo para os acessos ou se os servidores agiram por iniciativa pr\u00f3pria para municiar grupos de oposi\u00e7\u00e3o e interesses privados ligados ao setor financeiro.<\/p>\n","protected":false},"excerpt":{"rendered":"<p>O ministro Alexandre de Moraes, do Supremo Tribunal Federal (STF), determinou nesta ter\u00e7a-feira (17) que a Pol\u00edcia Federal cumprisse mandados de busca e apreens\u00e3o contra [&#8230;]<\/p>\n","protected":false},"author":1,"featured_media":4072,"comment_status":"open","ping_status":"open","sticky":false,"template":"","format":"standard","meta":{"_crdt_document":"","_jetpack_memberships_contains_paid_content":false,"footnotes":"","jetpack_publicize_message":"","jetpack_publicize_feature_enabled":true,"jetpack_social_post_already_shared":true,"jetpack_social_options":{"image_generator_settings":{"template":"highway","default_image_id":0,"font":"","enabled":false},"version":2}},"categories":[8],"tags":[],"class_list":["post-4071","post","type-post","status-publish","format-standard","has-post-thumbnail","hentry","category-judiciario"],"jetpack_publicize_connections":[],"jetpack_featured_media_url":"https:\/\/i0.wp.com\/oexpressobr.com.br\/wp-content\/uploads\/2026\/02\/IMG-20260218-WA0004.jpg?fit=615%2C470&ssl=1","jetpack_likes_enabled":true,"jetpack_sharing_enabled":true,"_links":{"self":[{"href":"https:\/\/oexpressobr.com.br\/index.php?rest_route=\/wp\/v2\/posts\/4071","targetHints":{"allow":["GET"]}}],"collection":[{"href":"https:\/\/oexpressobr.com.br\/index.php?rest_route=\/wp\/v2\/posts"}],"about":[{"href":"https:\/\/oexpressobr.com.br\/index.php?rest_route=\/wp\/v2\/types\/post"}],"author":[{"embeddable":true,"href":"https:\/\/oexpressobr.com.br\/index.php?rest_route=\/wp\/v2\/users\/1"}],"replies":[{"embeddable":true,"href":"https:\/\/oexpressobr.com.br\/index.php?rest_route=%2Fwp%2Fv2%2Fcomments&post=4071"}],"version-history":[{"count":1,"href":"https:\/\/oexpressobr.com.br\/index.php?rest_route=\/wp\/v2\/posts\/4071\/revisions"}],"predecessor-version":[{"id":4073,"href":"https:\/\/oexpressobr.com.br\/index.php?rest_route=\/wp\/v2\/posts\/4071\/revisions\/4073"}],"wp:featuredmedia":[{"embeddable":true,"href":"https:\/\/oexpressobr.com.br\/index.php?rest_route=\/wp\/v2\/media\/4072"}],"wp:attachment":[{"href":"https:\/\/oexpressobr.com.br\/index.php?rest_route=%2Fwp%2Fv2%2Fmedia&parent=4071"}],"wp:term":[{"taxonomy":"category","embeddable":true,"href":"https:\/\/oexpressobr.com.br\/index.php?rest_route=%2Fwp%2Fv2%2Fcategories&post=4071"},{"taxonomy":"post_tag","embeddable":true,"href":"https:\/\/oexpressobr.com.br\/index.php?rest_route=%2Fwp%2Fv2%2Ftags&post=4071"}],"curies":[{"name":"wp","href":"https:\/\/api.w.org\/{rel}","templated":true}]}}