{"id":4074,"date":"2026-02-18T06:02:48","date_gmt":"2026-02-18T09:02:48","guid":{"rendered":"https:\/\/oexpressobr.com.br\/?p=4074"},"modified":"2026-02-18T06:02:50","modified_gmt":"2026-02-18T09:02:50","slug":"turista-estrangeira-e-derrubada-e-assaltada-em-bloco-de-carnaval-no-centro-do-rio","status":"publish","type":"post","link":"https:\/\/oexpressobr.com.br\/?p=4074","title":{"rendered":"Turista estrangeira \u00e9 derrubada e assaltada em bloco de Carnaval no Centro do Rio"},"content":{"rendered":"\n<p class=\"wp-block-paragraph\">\u200bO feriado de Carnaval no Rio de Janeiro foi marcado por uma cena de viol\u00eancia que viralizou nas redes sociais no \u00faltimo domingo. Uma turista estrangeira, cuja nacionalidade ainda n\u00e3o foi formalmente confirmada pelas autoridades, foi v\u00edtima de um assalto violento enquanto acompanhava um bloco de rua na regi\u00e3o central da cidade.<\/p>\n\n\n\n<h3 class=\"wp-block-heading\">\u200bO momento da agress\u00e3o<\/h3>\n\n\n\n<p class=\"wp-block-paragraph\">\u200bImagens registradas por foli\u00f5es e c\u00e2meras de monitoramento mostram o exato momento em que a v\u00edtima \u00e9 abordada. Sem qualquer chance de defesa, a mulher sofre uma <strong>rasteira violenta<\/strong>, caindo com impacto direto contra o solo.<\/p>\n\n\n\n<p class=\"wp-block-paragraph\">\u200bEnquanto a v\u00edtima estava atordoada no ch\u00e3o, os criminosos agiram com rapidez para subtrair seus pertences \u2014 incluindo celular e documentos. O epis\u00f3dio ocorreu em meio \u00e0 multid\u00e3o, evidenciando a aud\u00e1cia dos assaltantes em locais de grande aglomera\u00e7\u00e3o.<\/p>\n\n\n\n<h3 class=\"wp-block-heading\">\u200bSocorro e seguran\u00e7a p\u00fablica<\/h3>\n\n\n\n<p class=\"wp-block-paragraph\">\u200bLogo ap\u00f3s a queda, pedestres e outros foli\u00f5es que presenciaram a cena se aproximaram para prestar os primeiros socorros. A Pol\u00edcia Militar informou que o patrulhamento na \u00e1rea central foi refor\u00e7ado para o per\u00edodo carnavalesco, mas o grande volume de pessoas em ruas estreitas dificulta a identifica\u00e7\u00e3o imediata de pequenos grupos que praticam furtos e roubos, os chamados &#8220;bandos de arrast\u00e3o&#8221;.<\/p>\n\n\n\n<blockquote class=\"wp-block-quote is-layout-flow wp-block-quote-is-layout-flow\">\n<p class=\"wp-block-paragraph\">\u200b<strong>Nota das autoridades:<\/strong> A Delegacia de Atendimento ao Turista (DEAT) j\u00e1 est\u00e1 com as imagens e trabalha para identificar os autores da agress\u00e3o. At\u00e9 o momento, n\u00e3o houve confirma\u00e7\u00e3o de pris\u00f5es relacionadas a este caso espec\u00edfico.<\/p>\n<\/blockquote>\n\n\n\n<h3 class=\"wp-block-heading\">\u200bRepercuss\u00e3o<\/h3>\n\n\n\n<p class=\"wp-block-paragraph\">\u200bO caso reacende o debate sobre a seguran\u00e7a dos visitantes estrangeiros durante os grandes eventos no Rio. Embora a prefeitura tenha investido em tecnologia de reconhecimento facial e torres de observa\u00e7\u00e3o, a t\u00e1tica da agress\u00e3o f\u00edsica seguida de roubo continua sendo um desafio para as for\u00e7as de seguran\u00e7a.<\/p>\n","protected":false},"excerpt":{"rendered":"<p>\u200bO feriado de Carnaval no Rio de Janeiro foi marcado por uma cena de viol\u00eancia que viralizou nas redes sociais no \u00faltimo domingo. Uma turista [&#8230;]<\/p>\n","protected":false},"author":1,"featured_media":4075,"comment_status":"open","ping_status":"open","sticky":false,"template":"","format":"standard","meta":{"_crdt_document":"","_jetpack_memberships_contains_paid_content":false,"footnotes":"","jetpack_publicize_message":"","jetpack_publicize_feature_enabled":true,"jetpack_social_post_already_shared":true,"jetpack_social_options":{"image_generator_settings":{"template":"highway","default_image_id":0,"font":"","enabled":false},"version":2}},"categories":[9],"tags":[],"class_list":["post-4074","post","type-post","status-publish","format-standard","has-post-thumbnail","hentry","category-policia"],"jetpack_publicize_connections":[],"jetpack_featured_media_url":"https:\/\/i0.wp.com\/oexpressobr.com.br\/wp-content\/uploads\/2026\/02\/IMG-20260218-WA0001.jpg?fit=445%2C306&ssl=1","jetpack_likes_enabled":true,"jetpack_sharing_enabled":true,"_links":{"self":[{"href":"https:\/\/oexpressobr.com.br\/index.php?rest_route=\/wp\/v2\/posts\/4074","targetHints":{"allow":["GET"]}}],"collection":[{"href":"https:\/\/oexpressobr.com.br\/index.php?rest_route=\/wp\/v2\/posts"}],"about":[{"href":"https:\/\/oexpressobr.com.br\/index.php?rest_route=\/wp\/v2\/types\/post"}],"author":[{"embeddable":true,"href":"https:\/\/oexpressobr.com.br\/index.php?rest_route=\/wp\/v2\/users\/1"}],"replies":[{"embeddable":true,"href":"https:\/\/oexpressobr.com.br\/index.php?rest_route=%2Fwp%2Fv2%2Fcomments&post=4074"}],"version-history":[{"count":1,"href":"https:\/\/oexpressobr.com.br\/index.php?rest_route=\/wp\/v2\/posts\/4074\/revisions"}],"predecessor-version":[{"id":4076,"href":"https:\/\/oexpressobr.com.br\/index.php?rest_route=\/wp\/v2\/posts\/4074\/revisions\/4076"}],"wp:featuredmedia":[{"embeddable":true,"href":"https:\/\/oexpressobr.com.br\/index.php?rest_route=\/wp\/v2\/media\/4075"}],"wp:attachment":[{"href":"https:\/\/oexpressobr.com.br\/index.php?rest_route=%2Fwp%2Fv2%2Fmedia&parent=4074"}],"wp:term":[{"taxonomy":"category","embeddable":true,"href":"https:\/\/oexpressobr.com.br\/index.php?rest_route=%2Fwp%2Fv2%2Fcategories&post=4074"},{"taxonomy":"post_tag","embeddable":true,"href":"https:\/\/oexpressobr.com.br\/index.php?rest_route=%2Fwp%2Fv2%2Ftags&post=4074"}],"curies":[{"name":"wp","href":"https:\/\/api.w.org\/{rel}","templated":true}]}}