{"id":408,"date":"2025-12-08T07:12:45","date_gmt":"2025-12-08T10:12:45","guid":{"rendered":"https:\/\/oexpressobr.com.br\/?p=408"},"modified":"2025-12-08T07:12:47","modified_gmt":"2025-12-08T10:12:47","slug":"funcionario-e-absolvido-pela-justica-de-mg-apos-matar-patrao-esfaqueado-em-confraternizacao-de-fim-de-ano","status":"publish","type":"post","link":"https:\/\/oexpressobr.com.br\/?p=408","title":{"rendered":"Funcion\u00e1rio \u00e9 Absolvido Pela Justi\u00e7a de MG Ap\u00f3s Matar Patr\u00e3o Esfaqueado em Confraterniza\u00e7\u00e3o de Fim de Ano"},"content":{"rendered":"\n<p class=\"wp-block-paragraph\">A Justi\u00e7a de Minas Gerais absolveu <strong>Eliandro Bastos<\/strong> da acusa\u00e7\u00e3o de homic\u00eddio, em decis\u00e3o de primeira inst\u00e2ncia, por ter matado o patr\u00e3o, o empres\u00e1rio <strong>Kerli<\/strong>, a facadas durante uma confraterniza\u00e7\u00e3o de fim de ano em Cl\u00e1udio, no Centro-Oeste mineiro. O caso, ocorrido em dezembro de 2024 ganhou uma reviravolta jur\u00eddica que divide opini\u00f5es e leva a fam\u00edlia da v\u00edtima a recorrer.<\/p>\n\n\n\n<h3 class=\"wp-block-heading\">\u200bLeg\u00edtima Defesa<\/h3>\n\n\n\n<p class=\"wp-block-paragraph\">\u200bO crime ocorreu ap\u00f3s um desentendimento na festa da empresa Metal Polo Aramados e Montagem, quando Eliandro teria sido informado sobre sua demiss\u00e3o, supostamente por ser considerado &#8220;muito caro&#8221; para a firma. Segundo informa\u00e7\u00f5es da Pol\u00edcia Militar da \u00e9poca, o funcion\u00e1rio, revoltado, quebrou uma garrafa de vinho que havia recebido de presente. O patr\u00e3o, Kerli, o teria advertido, ordenado que limpasse o local e trancado o port\u00e3o da empresa, impedindo a sa\u00edda de Eliandro.<\/p>\n\n\n\n<p class=\"wp-block-paragraph\">\u200bA defesa de Eliandro alegou que ele agiu em <strong>leg\u00edtima defesa<\/strong>. O funcion\u00e1rio afirmou que teria sido arrastado pelo patr\u00e3o durante a discuss\u00e3o e que decidiu agir ao saber que o empres\u00e1rio possu\u00eda uma arma de fogo. Ele desferiu tr\u00eas golpes de faca em Kerli, que foi atingido no abd\u00f4men, pesco\u00e7o e ombro. A v\u00edtima chegou a ser socorrida, mas n\u00e3o resistiu aos ferimentos.<\/p>\n\n\n\n<p class=\"wp-block-paragraph\">\u200bO funcion\u00e1rio confessou o crime e se entregou \u00e0 pol\u00edcia. Inicialmente preso em flagrante por homic\u00eddio qualificado por motivo f\u00fatil, ele teve a pris\u00e3o revogada dez dias depois e respondia ao processo em liberdade.<\/p>\n\n\n\n<h3 class=\"wp-block-heading\">\u200bDecis\u00e3o em 1\u00aa Inst\u00e2ncia e Recurso<\/h3>\n\n\n\n<p class=\"wp-block-paragraph\">\u200bA absolvi\u00e7\u00e3o em primeira inst\u00e2ncia foi proferida em setembro (de 2025, conforme as \u00faltimas not\u00edcias) pelo juiz da comarca, que acatou o pedido do Minist\u00e9rio P\u00fablico (MP) e reconheceu a tese de leg\u00edtima defesa.<\/p>\n\n\n\n<p class=\"wp-block-paragraph\">\u200bO advogado de defesa de Eliandro expressou confian\u00e7a na decis\u00e3o, afirmando que &#8220;acredita na inoc\u00eancia e na verdade dos fatos expostos no processo, bem como que a justi\u00e7a da absolvi\u00e7\u00e3o pelo reconhecimento da leg\u00edtima defesa ser\u00e1 mantida em 2\u00aa Inst\u00e2ncia&#8221;.<\/p>\n\n\n\n<p class=\"wp-block-paragraph\">\u200bNo entanto, a fam\u00edlia do empres\u00e1rio Kerli n\u00e3o se conformou com o resultado e recorreu da decis\u00e3o em outubro. O recurso est\u00e1 sob an\u00e1lise do Tribunal de Justi\u00e7a de Minas Gerais (TJ-MG) e o processo segue em segredo de justi\u00e7a. O assistente de acusa\u00e7\u00e3o, advogado da fam\u00edlia da v\u00edtima, defende que sua atua\u00e7\u00e3o \u00e9 fundamental para &#8220;assegurar a assist\u00eancia qualificada \u00e0 v\u00edtima e seus familiares, estes que v\u00eam amargando a dor imensur\u00e1vel da perda de seu arrimo familiar&#8221;.<\/p>\n\n\n\n<p class=\"wp-block-paragraph\">\u200bAguardam-se, portanto, os pr\u00f3ximos passos do caso no TJ-MG para uma decis\u00e3o definitiva sobre a absolvi\u00e7\u00e3o de Eliandro.<\/p>\n","protected":false},"excerpt":{"rendered":"<p>A Justi\u00e7a de Minas Gerais absolveu Eliandro Bastos da acusa\u00e7\u00e3o de homic\u00eddio, em decis\u00e3o de primeira inst\u00e2ncia, por ter matado o patr\u00e3o, o empres\u00e1rio Kerli, [&#8230;]<\/p>\n","protected":false},"author":1,"featured_media":409,"comment_status":"open","ping_status":"open","sticky":false,"template":"","format":"standard","meta":{"_crdt_document":"","_jetpack_memberships_contains_paid_content":false,"footnotes":"","jetpack_publicize_message":"","jetpack_publicize_feature_enabled":true,"jetpack_social_post_already_shared":false,"jetpack_social_options":{"image_generator_settings":{"template":"highway","default_image_id":0,"font":"","enabled":false},"version":2}},"categories":[8],"tags":[],"class_list":["post-408","post","type-post","status-publish","format-standard","has-post-thumbnail","hentry","category-judiciario"],"jetpack_publicize_connections":[],"jetpack_featured_media_url":"https:\/\/i0.wp.com\/oexpressobr.com.br\/wp-content\/uploads\/2025\/12\/IMG-20251208-WA0045.jpg?fit=984%2C738&ssl=1","jetpack_likes_enabled":true,"jetpack_sharing_enabled":true,"_links":{"self":[{"href":"https:\/\/oexpressobr.com.br\/index.php?rest_route=\/wp\/v2\/posts\/408","targetHints":{"allow":["GET"]}}],"collection":[{"href":"https:\/\/oexpressobr.com.br\/index.php?rest_route=\/wp\/v2\/posts"}],"about":[{"href":"https:\/\/oexpressobr.com.br\/index.php?rest_route=\/wp\/v2\/types\/post"}],"author":[{"embeddable":true,"href":"https:\/\/oexpressobr.com.br\/index.php?rest_route=\/wp\/v2\/users\/1"}],"replies":[{"embeddable":true,"href":"https:\/\/oexpressobr.com.br\/index.php?rest_route=%2Fwp%2Fv2%2Fcomments&post=408"}],"version-history":[{"count":0,"href":"https:\/\/oexpressobr.com.br\/index.php?rest_route=\/wp\/v2\/posts\/408\/revisions"}],"wp:featuredmedia":[{"embeddable":true,"href":"https:\/\/oexpressobr.com.br\/index.php?rest_route=\/wp\/v2\/media\/409"}],"wp:attachment":[{"href":"https:\/\/oexpressobr.com.br\/index.php?rest_route=%2Fwp%2Fv2%2Fmedia&parent=408"}],"wp:term":[{"taxonomy":"category","embeddable":true,"href":"https:\/\/oexpressobr.com.br\/index.php?rest_route=%2Fwp%2Fv2%2Fcategories&post=408"},{"taxonomy":"post_tag","embeddable":true,"href":"https:\/\/oexpressobr.com.br\/index.php?rest_route=%2Fwp%2Fv2%2Ftags&post=408"}],"curies":[{"name":"wp","href":"https:\/\/api.w.org\/{rel}","templated":true}]}}