{"id":4080,"date":"2026-02-18T06:14:57","date_gmt":"2026-02-18T09:14:57","guid":{"rendered":"https:\/\/oexpressobr.com.br\/?p=4080"},"modified":"2026-02-18T06:14:59","modified_gmt":"2026-02-18T09:14:59","slug":"oposicao-e-lideres-conservadores-reagem-a-desfile-da-academicos-de-niteroi-com-trend-nas-redes-sociais","status":"publish","type":"post","link":"https:\/\/oexpressobr.com.br\/?p=4080","title":{"rendered":"Oposi\u00e7\u00e3o e l\u00edderes conservadores reagem a desfile da Acad\u00eamicos de Niter\u00f3i com &#8220;trend&#8221; nas redes sociais"},"content":{"rendered":"\n<p class=\"wp-block-paragraph\">\u200bO Carnaval de 2026 na Marqu\u00eas de Sapuca\u00ed extrapolou os limites do Samb\u00f3dromo e se tornou o novo epicentro da polariza\u00e7\u00e3o pol\u00edtica brasileira. O estopim foi o desfile da escola de samba <strong>Acad\u00eamicos de Niter\u00f3i<\/strong>, que apresentou o enredo &#8220;Onde o Brasil \u00e9 mais Brasil&#8221;, em homenagem ao presidente <strong>Luiz In\u00e1cio Lula da Silva<\/strong>. A pol\u00eamica concentrou-se na ala batizada de <strong>&#8220;Neoconservadores em conserva&#8221;<\/strong>, onde integrantes desfilaram fantasiados de latas de mantimentos, estampadas com a imagem de fam\u00edlias tradicionais (pai, m\u00e3e e dois filhos), em uma s\u00e1tira direta aos valores da direita.<\/p>\n\n\n\n<p class=\"wp-block-paragraph\">\u200bA resposta da oposi\u00e7\u00e3o foi imediata e coordenada. Parlamentares e influenciadores digitais, como o senador <strong>Fl\u00e1vio Bolsonaro (PL-RJ)<\/strong>, o deputado <strong>Nikolas Ferreira (PL-MG)<\/strong> e o senador <strong>Rog\u00e9rio Marinho (PL-RN)<\/strong>, lan\u00e7aram uma contraofensiva nas redes sociais. Utilizando ferramentas de Intelig\u00eancia Artificial, os pol\u00edticos criaram uma &#8220;trend&#8221; (tend\u00eancia) onde publicam ilustra\u00e7\u00f5es de suas pr\u00f3prias fam\u00edlias em latas de conserva, mas com mensagens de exalta\u00e7\u00e3o.<\/p>\n\n\n\n<p class=\"wp-block-paragraph\">\u200b&#8221;Minha fam\u00edlia crist\u00e3 e conservada por Jesus. A fam\u00edlia \u00e9 o alicerce da sociedade e nossos princ\u00edpios s\u00e3o inegoci\u00e1veis&#8221;, afirmou o deputado <strong>S\u00f3stenes Cavalcante (PL-RJ)<\/strong> em suas redes. J\u00e1 Fl\u00e1vio Bolsonaro classificou a apresenta\u00e7\u00e3o como um ataque ao &#8220;maior projeto de Deus na Terra&#8221; e anunciou que protocolar\u00e1 a\u00e7\u00f5es no Tribunal Superior Eleitoral (TSE) por suposto abuso de poder econ\u00f4mico e propaganda eleitoral antecipada, dado o car\u00e1ter laudat\u00f3rio do desfile ao atual presidente.<\/p>\n\n\n\n<p class=\"wp-block-paragraph\">\u200b<strong>Desdobramentos Jur\u00eddicos e Religiosos<\/strong><\/p>\n\n\n\n<p class=\"wp-block-paragraph\">\u200bAl\u00e9m da &#8220;guerra de memes&#8221;, o embate ganhou contornos jur\u00eddicos. A bancada evang\u00e9lica e l\u00edderes como o pastor <strong>Silas Malafaia<\/strong> manifestaram rep\u00fadio, acusando a agremia\u00e7\u00e3o de intoler\u00e2ncia religiosa por ridicularizar s\u00edmbolos caros aos fi\u00e9is. O governador de Minas Gerais, <strong>Romeu Zema (Novo)<\/strong>, tamb\u00e9m se posicionou, afirmando que &#8220;colocar pessoas dentro de uma lata \u00e9 desrespeito&#8221; e que acionar\u00e1 a Justi\u00e7a.<\/p>\n\n\n\n<p class=\"wp-block-paragraph\">\u200bAo todo, a oposi\u00e7\u00e3o j\u00e1 soma 12 a\u00e7\u00f5es judiciais que miram desde o uso de verbas p\u00fablicas at\u00e9 a inelegibilidade de Lula. Por outro lado, a <strong>Acad\u00eamicos de Niter\u00f3i<\/strong> defende que sua apresenta\u00e7\u00e3o est\u00e1 protegida pela liberdade de express\u00e3o e pela tradi\u00e7\u00e3o sat\u00edrica do Carnaval. Em nota, a escola afirmou ter sofrido &#8220;persegui\u00e7\u00e3o&#8221; e pediu um julgamento t\u00e9cnico por parte dos jurados, refor\u00e7ando que o enredo buscava celebrar a cultura popular e a resist\u00eancia democr\u00e1tica.<\/p>\n\n\n\n<p class=\"wp-block-paragraph\">\u200bEnquanto o resultado da apura\u00e7\u00e3o \u00e9 aguardado, o epis\u00f3dio consolida o uso das festividades culturais como campo de batalha ideol\u00f3gico, onde a est\u00e9tica do desfile e a viraliza\u00e7\u00e3o digital medem for\u00e7as para moldar a opini\u00e3o p\u00fablica em um ano de forte tens\u00e3o pol\u00edtica.<\/p>\n","protected":false},"excerpt":{"rendered":"<p>\u200bO Carnaval de 2026 na Marqu\u00eas de Sapuca\u00ed extrapolou os limites do Samb\u00f3dromo e se tornou o novo epicentro da polariza\u00e7\u00e3o pol\u00edtica brasileira. O estopim [&#8230;]<\/p>\n","protected":false},"author":1,"featured_media":4081,"comment_status":"open","ping_status":"open","sticky":false,"template":"","format":"standard","meta":{"_crdt_document":"","_jetpack_memberships_contains_paid_content":false,"footnotes":"","jetpack_publicize_message":"","jetpack_publicize_feature_enabled":true,"jetpack_social_post_already_shared":true,"jetpack_social_options":{"image_generator_settings":{"template":"highway","default_image_id":0,"font":"","enabled":false},"version":2}},"categories":[3],"tags":[],"class_list":["post-4080","post","type-post","status-publish","format-standard","has-post-thumbnail","hentry","category-brasil"],"jetpack_publicize_connections":[],"jetpack_featured_media_url":"https:\/\/i0.wp.com\/oexpressobr.com.br\/wp-content\/uploads\/2026\/02\/IMG-20260218-WA0037.png?fit=1500%2C1271&ssl=1","jetpack_likes_enabled":true,"jetpack_sharing_enabled":true,"_links":{"self":[{"href":"https:\/\/oexpressobr.com.br\/index.php?rest_route=\/wp\/v2\/posts\/4080","targetHints":{"allow":["GET"]}}],"collection":[{"href":"https:\/\/oexpressobr.com.br\/index.php?rest_route=\/wp\/v2\/posts"}],"about":[{"href":"https:\/\/oexpressobr.com.br\/index.php?rest_route=\/wp\/v2\/types\/post"}],"author":[{"embeddable":true,"href":"https:\/\/oexpressobr.com.br\/index.php?rest_route=\/wp\/v2\/users\/1"}],"replies":[{"embeddable":true,"href":"https:\/\/oexpressobr.com.br\/index.php?rest_route=%2Fwp%2Fv2%2Fcomments&post=4080"}],"version-history":[{"count":1,"href":"https:\/\/oexpressobr.com.br\/index.php?rest_route=\/wp\/v2\/posts\/4080\/revisions"}],"predecessor-version":[{"id":4082,"href":"https:\/\/oexpressobr.com.br\/index.php?rest_route=\/wp\/v2\/posts\/4080\/revisions\/4082"}],"wp:featuredmedia":[{"embeddable":true,"href":"https:\/\/oexpressobr.com.br\/index.php?rest_route=\/wp\/v2\/media\/4081"}],"wp:attachment":[{"href":"https:\/\/oexpressobr.com.br\/index.php?rest_route=%2Fwp%2Fv2%2Fmedia&parent=4080"}],"wp:term":[{"taxonomy":"category","embeddable":true,"href":"https:\/\/oexpressobr.com.br\/index.php?rest_route=%2Fwp%2Fv2%2Fcategories&post=4080"},{"taxonomy":"post_tag","embeddable":true,"href":"https:\/\/oexpressobr.com.br\/index.php?rest_route=%2Fwp%2Fv2%2Ftags&post=4080"}],"curies":[{"name":"wp","href":"https:\/\/api.w.org\/{rel}","templated":true}]}}