{"id":4086,"date":"2026-02-18T06:29:26","date_gmt":"2026-02-18T09:29:26","guid":{"rendered":"https:\/\/oexpressobr.com.br\/?p=4086"},"modified":"2026-02-18T06:29:28","modified_gmt":"2026-02-18T09:29:28","slug":"congresso-do-peru-destitui-presidente-interino-jose-jeri-em-meio-a-crise-institucional","status":"publish","type":"post","link":"https:\/\/oexpressobr.com.br\/?p=4086","title":{"rendered":"CONGRESSO do Peru destitui presidente interino Jos\u00e9 Jer\u00ed em meio a crise institucional"},"content":{"rendered":"\n<p class=\"wp-block-paragraph\">\u200b<strong>Pol\u00edtico deixa o cargo ap\u00f3s apenas quatro meses sob acusa\u00e7\u00f5es de corrup\u00e7\u00e3o; pa\u00eds ter\u00e1 novo l\u00edder interino at\u00e9 as elei\u00e7\u00f5es gerais de abril<\/strong><\/p>\n\n\n\n<p class=\"wp-block-paragraph\">\u200bO Congresso do Peru aprovou, nesta ter\u00e7a-feira (17), a destitui\u00e7\u00e3o do presidente interino Jos\u00e9 Jer\u00ed. A decis\u00e3o aprofunda a cr\u00f4nica instabilidade pol\u00edtica do pa\u00eds andino, que agora se prepara para empossar seu nono chefe de Estado em menos de uma d\u00e9cada. Jer\u00ed, que ocupava o cargo desde outubro de 2025, foi removido por meio de uma mo\u00e7\u00e3o de censura aprovada por 75 votos a favor, 24 contra e tr\u00eas absten\u00e7\u00f5es.<\/p>\n\n\n\n<h3 class=\"wp-block-heading\">\u200bAcusa\u00e7\u00f5es e queda<\/h3>\n\n\n\n<p class=\"wp-block-paragraph\">\u200bA sa\u00edda de Jos\u00e9 Jer\u00ed foi precipitada por den\u00fancias de &#8220;m\u00e1 conduta funcional&#8221; e &#8220;falta de idoneidade&#8221;. O Minist\u00e9rio P\u00fablico investiga o agora ex-presidente por suposto tr\u00e1fico de influ\u00eancia. Entre os pontos centrais da acusa\u00e7\u00e3o est\u00e3o encontros secretos com empres\u00e1rios chineses que possuem contratos com o governo e a suposta interven\u00e7\u00e3o irregular na contrata\u00e7\u00e3o de pelo menos nove mulheres para cargos no gabinete presidencial e no Minist\u00e9rio do Meio Ambiente.<\/p>\n\n\n\n<p class=\"wp-block-paragraph\">\u200bApesar de negar as irregularidades e afirmar possuir &#8220;sufici\u00eancia moral&#8221; para o cargo, Jer\u00ed n\u00e3o resistiu \u00e0 press\u00e3o parlamentar. Diferente de um processo de impeachment tradicional (vac\u00e2ncia), que exige 87 votos, a mo\u00e7\u00e3o de censura retirou-lhe o cargo de presidente do Congresso \u2014 e, por consequ\u00eancia, a presid\u00eancia da Rep\u00fablica \u2014 com maioria simples.<\/p>\n\n\n\n<h3 class=\"wp-block-heading\">\u200bPr\u00f3ximos passos e sucess\u00e3o<\/h3>\n\n\n\n<p class=\"wp-block-paragraph\">\u200bO pa\u00eds vive um v\u00e1cuo de poder moment\u00e2neo. O Congresso Peruano convocou uma nova sess\u00e3o para esta quarta-feira (18), \u00e0s 16h (hor\u00e1rio de Bras\u00edlia), para eleger um novo presidente do Legislativo. O vencedor assumir\u00e1 automaticamente o comando do Executivo em car\u00e1ter interino.<\/p>\n\n\n\n<p class=\"wp-block-paragraph\">\u200bDe acordo com as \u00faltimas informa\u00e7\u00f5es, os nomes que despontam para a sucess\u00e3o imediata no Parlamento s\u00e3o:<\/p>\n\n\n\n<ul class=\"wp-block-list\">\n<li>\u200b<strong>H\u00e9ctor Acu\u00f1a<\/strong> (Honra e Democracia &#8211; direita);<\/li>\n\n\n\n<li>\u200b<strong>Maricarmen Alva<\/strong> (A\u00e7\u00e3o Popular &#8211; centro-direita);<\/li>\n\n\n\n<li>\u200b<strong>Edgar Reymundo<\/strong> (Bloco Democr\u00e1tico Popular &#8211; centro-esquerda);<\/li>\n\n\n\n<li>\u200b<strong>Jos\u00e9 Balc\u00e1zar<\/strong> (Peru Livre &#8211; esquerda).<\/li>\n<\/ul>\n\n\n\n<h3 class=\"wp-block-heading\">\u200bElei\u00e7\u00f5es no horizonte<\/h3>\n\n\n\n<p class=\"wp-block-paragraph\">\u200bA destitui\u00e7\u00e3o ocorre a menos de dois meses das elei\u00e7\u00f5es gerais, marcadas para <strong>12 de abril de 2026<\/strong>. O novo presidente interino ter\u00e1 a miss\u00e3o de conduzir o pa\u00eds at\u00e9 a posse do governo eleito, prevista para 28 de julho.<\/p>\n\n\n\n<p class=\"wp-block-paragraph\">\u200bA crise reflete o desgaste das institui\u00e7\u00f5es peruanas: desde 2016, a &#8220;maldi\u00e7\u00e3o dos presidentes&#8221; fez com que quase nenhum mandat\u00e1rio conseguisse concluir seu per\u00edodo oficial, derrubados por investiga\u00e7\u00f5es de corrup\u00e7\u00e3o ou impasses com um Congresso fragmentado e hostil. Atualmente, o cen\u00e1rio eleitoral conta com mais de 30 pr\u00e9-candidatos, evidenciando a pulveriza\u00e7\u00e3o pol\u00edtica que trava a governabilidade no pa\u00eds.<\/p>\n\n\n\n<p class=\"wp-block-paragraph\"><\/p>\n","protected":false},"excerpt":{"rendered":"<p>\u200bPol\u00edtico deixa o cargo ap\u00f3s apenas quatro meses sob acusa\u00e7\u00f5es de corrup\u00e7\u00e3o; pa\u00eds ter\u00e1 novo l\u00edder interino at\u00e9 as elei\u00e7\u00f5es gerais de abril \u200bO Congresso [&#8230;]<\/p>\n","protected":false},"author":1,"featured_media":4087,"comment_status":"open","ping_status":"open","sticky":false,"template":"","format":"standard","meta":{"_crdt_document":"","_jetpack_memberships_contains_paid_content":false,"footnotes":"","jetpack_publicize_message":"","jetpack_publicize_feature_enabled":true,"jetpack_social_post_already_shared":true,"jetpack_social_options":{"image_generator_settings":{"template":"highway","default_image_id":0,"font":"","enabled":false},"version":2}},"categories":[15],"tags":[],"class_list":["post-4086","post","type-post","status-publish","format-standard","has-post-thumbnail","hentry","category-internacional"],"jetpack_publicize_connections":[],"jetpack_featured_media_url":"https:\/\/i0.wp.com\/oexpressobr.com.br\/wp-content\/uploads\/2026\/02\/IMG-20260218-WA0041.jpg?fit=750%2C500&ssl=1","jetpack_likes_enabled":true,"jetpack_sharing_enabled":true,"_links":{"self":[{"href":"https:\/\/oexpressobr.com.br\/index.php?rest_route=\/wp\/v2\/posts\/4086","targetHints":{"allow":["GET"]}}],"collection":[{"href":"https:\/\/oexpressobr.com.br\/index.php?rest_route=\/wp\/v2\/posts"}],"about":[{"href":"https:\/\/oexpressobr.com.br\/index.php?rest_route=\/wp\/v2\/types\/post"}],"author":[{"embeddable":true,"href":"https:\/\/oexpressobr.com.br\/index.php?rest_route=\/wp\/v2\/users\/1"}],"replies":[{"embeddable":true,"href":"https:\/\/oexpressobr.com.br\/index.php?rest_route=%2Fwp%2Fv2%2Fcomments&post=4086"}],"version-history":[{"count":1,"href":"https:\/\/oexpressobr.com.br\/index.php?rest_route=\/wp\/v2\/posts\/4086\/revisions"}],"predecessor-version":[{"id":4088,"href":"https:\/\/oexpressobr.com.br\/index.php?rest_route=\/wp\/v2\/posts\/4086\/revisions\/4088"}],"wp:featuredmedia":[{"embeddable":true,"href":"https:\/\/oexpressobr.com.br\/index.php?rest_route=\/wp\/v2\/media\/4087"}],"wp:attachment":[{"href":"https:\/\/oexpressobr.com.br\/index.php?rest_route=%2Fwp%2Fv2%2Fmedia&parent=4086"}],"wp:term":[{"taxonomy":"category","embeddable":true,"href":"https:\/\/oexpressobr.com.br\/index.php?rest_route=%2Fwp%2Fv2%2Fcategories&post=4086"},{"taxonomy":"post_tag","embeddable":true,"href":"https:\/\/oexpressobr.com.br\/index.php?rest_route=%2Fwp%2Fv2%2Ftags&post=4086"}],"curies":[{"name":"wp","href":"https:\/\/api.w.org\/{rel}","templated":true}]}}