{"id":4092,"date":"2026-02-18T06:42:54","date_gmt":"2026-02-18T09:42:54","guid":{"rendered":"https:\/\/oexpressobr.com.br\/?p=4092"},"modified":"2026-02-18T06:42:56","modified_gmt":"2026-02-18T09:42:56","slug":"policia-civil-indicia-funcionarios-do-mercado-livre-por-fraude-e-maus-tratos-apos-sumico-de-caes","status":"publish","type":"post","link":"https:\/\/oexpressobr.com.br\/?p=4092","title":{"rendered":"POL\u00cdCIA CIVIL indicia funcion\u00e1rios do Mercado Livre por fraude e maus-tratos ap\u00f3s sumi\u00e7o de c\u00e3es"},"content":{"rendered":"\n<p class=\"wp-block-paragraph\"><strong>CURITIBA, PR<\/strong> \u2013 O inqu\u00e9rito policial que investigava o paradeiro de tr\u00eas c\u00e3es comunit\u00e1rios do centro de distribui\u00e7\u00e3o do <strong>Mercado Livre<\/strong>, em Arauc\u00e1ria, chegou a um desfecho punitivo. A Pol\u00edcia Civil do Paran\u00e1 confirmou o indiciamento de funcion\u00e1rios envolvidos no epis\u00f3dio que chocou protetores de animais e mobilizou as redes sociais nas \u00faltimas semanas.<\/p>\n\n\n\n<h3 class=\"wp-block-heading\">\u200bFraude e substitui\u00e7\u00e3o de animais<\/h3>\n\n\n\n<p class=\"wp-block-paragraph\">\u200bA investiga\u00e7\u00e3o comprovou que houve uma tentativa deliberada de enganar as autoridades e a opini\u00e3o p\u00fablica. Ap\u00f3s a remo\u00e7\u00e3o for\u00e7ada de <strong>Rajada, Caramelo e Pretinha<\/strong>, o grupo de funcion\u00e1rios buscou c\u00e3es com caracter\u00edsticas semelhantes em outra localidade e os entregou a uma ONG, tentando forjar um &#8220;final feliz&#8221;.<\/p>\n\n\n\n<p class=\"wp-block-paragraph\">\u200bA farsa foi descoberta porque:<\/p>\n\n\n\n<ul class=\"wp-block-list\">\n<li>\u200b<strong>Identifica\u00e7\u00e3o falha:<\/strong> Os animais entregues n\u00e3o possu\u00edam os microchips e as marcas f\u00edsicas conhecidas pelos cuidadores originais.<\/li>\n\n\n\n<li>\u200b<strong>Rastreamento:<\/strong> C\u00e2meras e depoimentos confirmaram que os c\u00e3es comunit\u00e1rios foram abandonados em uma \u00e1rea rural distante, pr\u00e1tica configurada como crime de maus-tratos.<\/li>\n<\/ul>\n\n\n\n<h3 class=\"wp-block-heading\">\u200bConsequ\u00eancias para os envolvidos<\/h3>\n\n\n\n<p class=\"wp-block-paragraph\">\u200bO Mercado Livre reiterou que <strong>desligou sumariamente<\/strong> os respons\u00e1veis pela opera\u00e7\u00e3o log\u00edstica clandestina assim que a fraude interna foi detectada. A empresa agora colabora com a Delegacia de Prote\u00e7\u00e3o ao Meio Ambiente (DPMA) para tentar localizar o paradeiro exato dos animais originais, que ainda n\u00e3o foram encontrados.<\/p>\n\n\n\n<blockquote class=\"wp-block-quote is-layout-flow wp-block-quote-is-layout-flow\">\n<p class=\"wp-block-paragraph\">\u200b&#8221;A conduta dos ex-colaboradores foi isolada e contr\u00e1ria \u00e0s diretrizes de bem-estar animal da companhia&#8221;, afirmou a empresa em nota oficial.<\/p>\n<\/blockquote>\n\n\n\n<h3 class=\"wp-block-heading\">\u200bImplica\u00e7\u00f5es Legais<\/h3>\n\n\n\n<p class=\"wp-block-paragraph\">\u200bOs indiciados poder\u00e3o responder por:<\/p>\n\n\n\n<ol class=\"wp-block-list\">\n<li>\u200b<strong>Maus-tratos a animais<\/strong> (com pena de 2 a 5 anos de reclus\u00e3o);<\/li>\n\n\n\n<li>\u200b<strong>Fraude processual<\/strong>, pela tentativa de enganar a investiga\u00e7\u00e3o com a substitui\u00e7\u00e3o dos c\u00e3es.<\/li>\n<\/ol>\n\n\n\n<p class=\"wp-block-paragraph\">\u200bAs buscas pelos tr\u00eas c\u00e3es originais continuam em \u00e1reas de mata e rodovias da Regi\u00e3o Metropolitana de Curitiba, lideradas por grupos de volunt\u00e1rios independentes.<\/p>\n","protected":false},"excerpt":{"rendered":"<p>CURITIBA, PR \u2013 O inqu\u00e9rito policial que investigava o paradeiro de tr\u00eas c\u00e3es comunit\u00e1rios do centro de distribui\u00e7\u00e3o do Mercado Livre, em Arauc\u00e1ria, chegou a [&#8230;]<\/p>\n","protected":false},"author":1,"featured_media":4017,"comment_status":"open","ping_status":"open","sticky":false,"template":"","format":"standard","meta":{"_crdt_document":"","_jetpack_memberships_contains_paid_content":false,"footnotes":"","jetpack_publicize_message":"","jetpack_publicize_feature_enabled":true,"jetpack_social_post_already_shared":true,"jetpack_social_options":{"image_generator_settings":{"template":"highway","default_image_id":0,"font":"","enabled":false},"version":2}},"categories":[5],"tags":[],"class_list":["post-4092","post","type-post","status-publish","format-standard","has-post-thumbnail","hentry","category-parana"],"jetpack_publicize_connections":[],"jetpack_featured_media_url":"https:\/\/i0.wp.com\/oexpressobr.com.br\/wp-content\/uploads\/2026\/02\/snapshot-1083.jpeg?fit=984%2C554&ssl=1","jetpack_likes_enabled":true,"jetpack_sharing_enabled":true,"_links":{"self":[{"href":"https:\/\/oexpressobr.com.br\/index.php?rest_route=\/wp\/v2\/posts\/4092","targetHints":{"allow":["GET"]}}],"collection":[{"href":"https:\/\/oexpressobr.com.br\/index.php?rest_route=\/wp\/v2\/posts"}],"about":[{"href":"https:\/\/oexpressobr.com.br\/index.php?rest_route=\/wp\/v2\/types\/post"}],"author":[{"embeddable":true,"href":"https:\/\/oexpressobr.com.br\/index.php?rest_route=\/wp\/v2\/users\/1"}],"replies":[{"embeddable":true,"href":"https:\/\/oexpressobr.com.br\/index.php?rest_route=%2Fwp%2Fv2%2Fcomments&post=4092"}],"version-history":[{"count":1,"href":"https:\/\/oexpressobr.com.br\/index.php?rest_route=\/wp\/v2\/posts\/4092\/revisions"}],"predecessor-version":[{"id":4093,"href":"https:\/\/oexpressobr.com.br\/index.php?rest_route=\/wp\/v2\/posts\/4092\/revisions\/4093"}],"wp:featuredmedia":[{"embeddable":true,"href":"https:\/\/oexpressobr.com.br\/index.php?rest_route=\/wp\/v2\/media\/4017"}],"wp:attachment":[{"href":"https:\/\/oexpressobr.com.br\/index.php?rest_route=%2Fwp%2Fv2%2Fmedia&parent=4092"}],"wp:term":[{"taxonomy":"category","embeddable":true,"href":"https:\/\/oexpressobr.com.br\/index.php?rest_route=%2Fwp%2Fv2%2Fcategories&post=4092"},{"taxonomy":"post_tag","embeddable":true,"href":"https:\/\/oexpressobr.com.br\/index.php?rest_route=%2Fwp%2Fv2%2Ftags&post=4092"}],"curies":[{"name":"wp","href":"https:\/\/api.w.org\/{rel}","templated":true}]}}