{"id":4094,"date":"2026-02-18T06:49:18","date_gmt":"2026-02-18T09:49:18","guid":{"rendered":"https:\/\/oexpressobr.com.br\/?p=4094"},"modified":"2026-02-18T06:49:19","modified_gmt":"2026-02-18T09:49:19","slug":"homem-invade-shopping-em-londrina-pelo-duto-de-ar-e-causa-prejuizo-em-joalheria","status":"publish","type":"post","link":"https:\/\/oexpressobr.com.br\/?p=4094","title":{"rendered":"HOMEM INVADE shopping em Londrina pelo duto de ar e causa preju\u00edzo em joalheria"},"content":{"rendered":"\n<p class=\"wp-block-paragraph\"><strong>LONDRINA<\/strong> \u2013 Uma a\u00e7\u00e3o criminosa inusitada mobilizou as autoridades e assustou lojistas de um centro comercial em Londrina, no norte do Paran\u00e1. Um homem, ainda n\u00e3o identificado, utilizou a sa\u00edda de emerg\u00eancia e a tubula\u00e7\u00e3o do sistema de ar-condicionado para invadir estabelecimentos durante a madrugada, subtraindo dinheiro, rel\u00f3gios e joias de alto valor.<\/p>\n\n\n\n<p class=\"wp-block-paragraph\">\u200bDe acordo com as investiga\u00e7\u00f5es preliminares e imagens de circuitos internos de seguran\u00e7a, o suspeito demonstrou conhecimento da estrutura do pr\u00e9dio. Ele teria acessado o interior do shopping por uma porta de emerg\u00eancia e, em seguida, escalado at\u00e9 alcan\u00e7ar os dutos de ventila\u00e7\u00e3o. Atrav\u00e9s dessa &#8220;rota a\u00e9rea&#8221;, o criminoso conseguiu entrar primeiro em uma loja de cal\u00e7ados.<\/p>\n\n\n\n<p class=\"wp-block-paragraph\">\u200bA aud\u00e1cia do invasor n\u00e3o parou por a\u00ed: para atingir o alvo principal \u2014 uma joalheria vizinha \u2014, o homem quebrou uma parede de drywall que separava os estabelecimentos. No local, ele realizou a &#8220;limpa&#8221; em vitrines e cofres, levando itens de luxo.<\/p>\n\n\n\n<h3 class=\"wp-block-heading\">\u200b<strong>Investiga\u00e7\u00e3o e Contexto<\/strong><\/h3>\n\n\n\n<p class=\"wp-block-paragraph\">\u200bA Pol\u00edcia Civil do Paran\u00e1 (PCPR) j\u00e1 est\u00e1 com as imagens das c\u00e2meras de monitoramento para tentar identificar o autor do crime. A per\u00edcia foi realizada no local para coletar digitais e analisar o percurso feito pelo assaltante. At\u00e9 o fechamento desta edi\u00e7\u00e3o, o preju\u00edzo total ainda estava sendo contabilizado pelos propriet\u00e1rios, mas estima-se que o valor das joias e rel\u00f3gios furtados seja expressivo.<\/p>\n\n\n\n<p class=\"wp-block-paragraph\">\u200bEste caso traz \u00e0 tona um alerta para a seguran\u00e7a em grandes centros comerciais do estado. Recentemente, outras ocorr\u00eancias similares de furtos qualificados \u2014 onde h\u00e1 rompimento de obst\u00e1culo ou destreza t\u00e9cnica \u2014 foram registradas no Paran\u00e1, como pris\u00f5es efetuadas pela PRF em Maring\u00e1 envolvendo quadrilhas especializadas em lojas de shopping.<\/p>\n\n\n\n<p class=\"wp-block-paragraph\">\u200bA administra\u00e7\u00e3o do shopping informou que est\u00e1 colaborando integralmente com as autoridades e que refor\u00e7ar\u00e1 os protocolos de seguran\u00e7a nas \u00e1reas t\u00e9cnicas e sa\u00eddas de emerg\u00eancia para evitar novos epis\u00f3dios.<\/p>\n\n\n\n<p class=\"wp-block-paragraph\">\u200b<strong>Den\u00fancias:<\/strong> Qualquer informa\u00e7\u00e3o sobre o paradeiro do suspeito ou sobre a comercializa\u00e7\u00e3o ilegal dos itens furtados pode ser repassada de forma an\u00f4nima via 181 (Disque-Den\u00fancia) ou 190.<\/p>\n","protected":false},"excerpt":{"rendered":"<p>LONDRINA \u2013 Uma a\u00e7\u00e3o criminosa inusitada mobilizou as autoridades e assustou lojistas de um centro comercial em Londrina, no norte do Paran\u00e1. Um homem, ainda [&#8230;]<\/p>\n","protected":false},"author":1,"featured_media":4095,"comment_status":"open","ping_status":"open","sticky":false,"template":"","format":"standard","meta":{"_crdt_document":"","_jetpack_memberships_contains_paid_content":false,"footnotes":"","jetpack_publicize_message":"","jetpack_publicize_feature_enabled":true,"jetpack_social_post_already_shared":true,"jetpack_social_options":{"image_generator_settings":{"template":"highway","default_image_id":0,"font":"","enabled":false},"version":2}},"categories":[9],"tags":[],"class_list":["post-4094","post","type-post","status-publish","format-standard","has-post-thumbnail","hentry","category-policia"],"jetpack_publicize_connections":[],"jetpack_featured_media_url":"https:\/\/i0.wp.com\/oexpressobr.com.br\/wp-content\/uploads\/2026\/02\/httpsportalnorte.com_.brwp-adminpost.phppost-292629-action-edit-2026-02-17t172149.040.jpg?fit=984%2C656&ssl=1","jetpack_likes_enabled":true,"jetpack_sharing_enabled":true,"_links":{"self":[{"href":"https:\/\/oexpressobr.com.br\/index.php?rest_route=\/wp\/v2\/posts\/4094","targetHints":{"allow":["GET"]}}],"collection":[{"href":"https:\/\/oexpressobr.com.br\/index.php?rest_route=\/wp\/v2\/posts"}],"about":[{"href":"https:\/\/oexpressobr.com.br\/index.php?rest_route=\/wp\/v2\/types\/post"}],"author":[{"embeddable":true,"href":"https:\/\/oexpressobr.com.br\/index.php?rest_route=\/wp\/v2\/users\/1"}],"replies":[{"embeddable":true,"href":"https:\/\/oexpressobr.com.br\/index.php?rest_route=%2Fwp%2Fv2%2Fcomments&post=4094"}],"version-history":[{"count":1,"href":"https:\/\/oexpressobr.com.br\/index.php?rest_route=\/wp\/v2\/posts\/4094\/revisions"}],"predecessor-version":[{"id":4096,"href":"https:\/\/oexpressobr.com.br\/index.php?rest_route=\/wp\/v2\/posts\/4094\/revisions\/4096"}],"wp:featuredmedia":[{"embeddable":true,"href":"https:\/\/oexpressobr.com.br\/index.php?rest_route=\/wp\/v2\/media\/4095"}],"wp:attachment":[{"href":"https:\/\/oexpressobr.com.br\/index.php?rest_route=%2Fwp%2Fv2%2Fmedia&parent=4094"}],"wp:term":[{"taxonomy":"category","embeddable":true,"href":"https:\/\/oexpressobr.com.br\/index.php?rest_route=%2Fwp%2Fv2%2Fcategories&post=4094"},{"taxonomy":"post_tag","embeddable":true,"href":"https:\/\/oexpressobr.com.br\/index.php?rest_route=%2Fwp%2Fv2%2Ftags&post=4094"}],"curies":[{"name":"wp","href":"https:\/\/api.w.org\/{rel}","templated":true}]}}