{"id":4097,"date":"2026-02-18T07:01:10","date_gmt":"2026-02-18T10:01:10","guid":{"rendered":"https:\/\/oexpressobr.com.br\/?p=4097"},"modified":"2026-02-18T07:01:12","modified_gmt":"2026-02-18T10:01:12","slug":"pt-tentou-barrar-na-justica-homenagem-a-alckmin-e-serra-no-carnaval-de-2006","status":"publish","type":"post","link":"https:\/\/oexpressobr.com.br\/?p=4097","title":{"rendered":"PT tentou barrar na Justi\u00e7a homenagem a Alckmin e Serra no Carnaval de 2006"},"content":{"rendered":"\n<p class=\"wp-block-paragraph\"><strong>Acad\u00eamicos de Niter\u00f3i<\/strong> levar a trajet\u00f3ria do presidente <strong>Lula<\/strong> para a Sapuca\u00ed em 2026, o cen\u00e1rio pol\u00edtico e jur\u00eddico brasileiro viveu um epis\u00f3dio invertido. Em 2006, o <strong>Partido dos Trabalhadores (PT)<\/strong> acionou o Judici\u00e1rio para tentar impedir que a escola de samba paulistana <strong>Leandro de Itaquera<\/strong> desfilasse com uma alegoria que homenageava lideran\u00e7as do <strong>PSDB<\/strong>.<\/p>\n\n\n\n<p class=\"wp-block-paragraph\">\u200bNa ocasi\u00e3o, a agremia\u00e7\u00e3o pretendia exibir bonecos gigantes de <strong>Geraldo Alckmin<\/strong> (ent\u00e3o governador de S\u00e3o Paulo) e <strong>Jos\u00e9 Serra<\/strong> (prefeito da capital na \u00e9poca), al\u00e9m de um busto do ex-governador <strong>M\u00e1rio Covas<\/strong>. O enredo tratava da recupera\u00e7\u00e3o do Rio Tiet\u00ea, obra vitrine das gest\u00f5es tucanas.<\/p>\n\n\n\n<h3 class=\"wp-block-heading\">\u200bO embate jur\u00eddico e a liberdade de express\u00e3o<\/h3>\n\n\n\n<p class=\"wp-block-paragraph\">\u200bA a\u00e7\u00e3o movida por parlamentares petistas alegava que a homenagem configurava <strong>propaganda eleitoral antecipada<\/strong> e promo\u00e7\u00e3o pessoal com uso de recursos p\u00fablicos, visto que Alckmin era o prov\u00e1vel advers\u00e1rio de Lula na disputa presidencial daquele ano.<\/p>\n\n\n\n<p class=\"wp-block-paragraph\">\u200bNo entanto, o pedido de liminar foi negado pela Justi\u00e7a. A decis\u00e3o, que ressoa nos debates atuais, fundamentou-se em:<\/p>\n\n\n\n<ul class=\"wp-block-list\">\n<li>\u200b<strong>Aus\u00eancia de provas objetivas:<\/strong> A ju\u00edza respons\u00e1vel pelo caso, na \u00e9poca, entendeu que barrar o desfile seria uma medida baseada em suposi\u00e7\u00f5es.<\/li>\n\n\n\n<li>\u200b<strong>Soberania Art\u00edstica:<\/strong> O tribunal destacou que o princ\u00edpio da <strong>liberdade de express\u00e3o art\u00edstica<\/strong> deveria prevalecer, impedindo qualquer forma de censura pr\u00e9via ao Carnaval.<\/li>\n<\/ul>\n\n\n\n<p class=\"wp-block-paragraph\">A Leandro de Itaquera, curiosamente, acabou rebaixada naquele ano de 2006, mas o precedente jur\u00eddico firmado serviu como base para proteger a autonomia das escolas de samba contra investidas partid\u00e1rias de todos os espectros pol\u00edticos por d\u00e9cadas.<\/p>\n","protected":false},"excerpt":{"rendered":"<p>Acad\u00eamicos de Niter\u00f3i levar a trajet\u00f3ria do presidente Lula para a Sapuca\u00ed em 2026, o cen\u00e1rio pol\u00edtico e jur\u00eddico brasileiro viveu um epis\u00f3dio invertido. Em [&#8230;]<\/p>\n","protected":false},"author":1,"featured_media":4098,"comment_status":"open","ping_status":"open","sticky":false,"template":"","format":"standard","meta":{"_crdt_document":"","_jetpack_memberships_contains_paid_content":false,"footnotes":"","jetpack_publicize_message":"","jetpack_publicize_feature_enabled":true,"jetpack_social_post_already_shared":true,"jetpack_social_options":{"image_generator_settings":{"template":"highway","default_image_id":0,"font":"","enabled":false},"version":2}},"categories":[3],"tags":[],"class_list":["post-4097","post","type-post","status-publish","format-standard","has-post-thumbnail","hentry","category-brasil"],"jetpack_publicize_connections":[],"jetpack_featured_media_url":"https:\/\/i0.wp.com\/oexpressobr.com.br\/wp-content\/uploads\/2026\/02\/177134702069949c4c1beee_1771347020_3x2_xl.jpg?fit=1200%2C800&ssl=1","jetpack_likes_enabled":true,"jetpack_sharing_enabled":true,"_links":{"self":[{"href":"https:\/\/oexpressobr.com.br\/index.php?rest_route=\/wp\/v2\/posts\/4097","targetHints":{"allow":["GET"]}}],"collection":[{"href":"https:\/\/oexpressobr.com.br\/index.php?rest_route=\/wp\/v2\/posts"}],"about":[{"href":"https:\/\/oexpressobr.com.br\/index.php?rest_route=\/wp\/v2\/types\/post"}],"author":[{"embeddable":true,"href":"https:\/\/oexpressobr.com.br\/index.php?rest_route=\/wp\/v2\/users\/1"}],"replies":[{"embeddable":true,"href":"https:\/\/oexpressobr.com.br\/index.php?rest_route=%2Fwp%2Fv2%2Fcomments&post=4097"}],"version-history":[{"count":1,"href":"https:\/\/oexpressobr.com.br\/index.php?rest_route=\/wp\/v2\/posts\/4097\/revisions"}],"predecessor-version":[{"id":4099,"href":"https:\/\/oexpressobr.com.br\/index.php?rest_route=\/wp\/v2\/posts\/4097\/revisions\/4099"}],"wp:featuredmedia":[{"embeddable":true,"href":"https:\/\/oexpressobr.com.br\/index.php?rest_route=\/wp\/v2\/media\/4098"}],"wp:attachment":[{"href":"https:\/\/oexpressobr.com.br\/index.php?rest_route=%2Fwp%2Fv2%2Fmedia&parent=4097"}],"wp:term":[{"taxonomy":"category","embeddable":true,"href":"https:\/\/oexpressobr.com.br\/index.php?rest_route=%2Fwp%2Fv2%2Fcategories&post=4097"},{"taxonomy":"post_tag","embeddable":true,"href":"https:\/\/oexpressobr.com.br\/index.php?rest_route=%2Fwp%2Fv2%2Ftags&post=4097"}],"curies":[{"name":"wp","href":"https:\/\/api.w.org\/{rel}","templated":true}]}}