{"id":4103,"date":"2026-02-18T07:12:37","date_gmt":"2026-02-18T10:12:37","guid":{"rendered":"https:\/\/oexpressobr.com.br\/?p=4103"},"modified":"2026-02-18T07:12:39","modified_gmt":"2026-02-18T10:12:39","slug":"hillary-clinton-acusa-aliados-de-trump-de-reter-documentos-do-caso-epstein-para-proteger-o-ex-presidente","status":"publish","type":"post","link":"https:\/\/oexpressobr.com.br\/?p=4103","title":{"rendered":"Hillary Clinton acusa aliados de Trump de reter documentos do caso Epstein para proteger o ex-presidente"},"content":{"rendered":"\n<p class=\"wp-block-paragraph\">\u200bA ex-secret\u00e1ria de Estado e ex-primeira-dama dos Estados Unidos, <strong>Hillary Clinton<\/strong>, subiu o tom contra a gest\u00e3o de Donald Trump em rela\u00e7\u00e3o ao pol\u00eamico dossi\u00ea de Jeffrey Epstein. Em entrevista recente \u00e0 BBC, a democrata afirmou categoricamente que existe uma tentativa deliberada de &#8220;abafar&#8221; parte dos arquivos para evitar danos pol\u00edticos ao ex-presidente republicano.<\/p>\n\n\n\n<p class=\"wp-block-paragraph\">\u200b&#8221;Divulguem os arquivos. Eles est\u00e3o enrolando&#8221;, disparou Clinton, refor\u00e7ando a press\u00e3o p\u00fablica para que a totalidade dos documentos venha \u00e0 tona.<\/p>\n\n\n\n<h3 class=\"wp-block-heading\">\u200bO embate pelos documentos ocultos<\/h3>\n\n\n\n<p class=\"wp-block-paragraph\">\u200bEmbora milh\u00f5es de p\u00e1ginas tenham sido desclassificadas no in\u00edcio deste m\u00eas, o cerne da controv\u00e9rsia reside no que ainda permanece sob sigilo. O cen\u00e1rio atual apresenta os seguintes pontos cr\u00edticos:<\/p>\n\n\n\n<ul class=\"wp-block-list\">\n<li>\u200b<strong>O volume retido:<\/strong> Cerca de <strong>3 milh\u00f5es de p\u00e1ginas<\/strong> continuam inacess\u00edveis ao p\u00fablico.<\/li>\n\n\n\n<li>\u200b<strong>Justificativa oficial:<\/strong> O Departamento de Justi\u00e7a (DoJ) alega que a publica\u00e7\u00e3o desses materiais poderia comprometer investiga\u00e7\u00f5es criminais que ainda est\u00e3o em curso.<\/li>\n\n\n\n<li>\u200b<strong>A acusa\u00e7\u00e3o pol\u00edtica:<\/strong> Hillary sugere que a reten\u00e7\u00e3o \u00e9 seletiva e serve como uma cortina de fuma\u00e7a para proteger figuras influentes ligadas ao c\u00edrculo de Trump.<\/li>\n<\/ul>\n\n\n\n<h3 class=\"wp-block-heading\">\u200bO contexto do caso Epstein em 2026<\/h3>\n\n\n\n<p class=\"wp-block-paragraph\">\u200bO caso Jeffrey Epstein continua sendo um &#8220;buraco negro&#8221; na pol\u00edtica americana, atraindo teorias de conspira\u00e7\u00e3o e pedidos leg\u00edtimos de transpar\u00eancia. A divulga\u00e7\u00e3o recente de nomes associados ao bilion\u00e1rio \u2014 que cometeu suic\u00eddio na pris\u00e3o em 2019 \u2014 reacendeu debates sobre o sistema de justi\u00e7a dos EUA e o tr\u00e1fico sexual de menores.<\/p>\n\n\n\n<p class=\"wp-block-paragraph\">\u200bA fala de Hillary Clinton ocorre em um momento de extrema polariza\u00e7\u00e3o, onde cada nova p\u00e1gina revelada do caso Epstein \u00e9 utilizada como arma pol\u00edtica entre democratas e republicanos. Enquanto os aliados de Trump frequentemente tentam ligar o nome de Bill Clinton ao financista, Hillary agora inverte o jogo, apontando o dedo para o controle de informa\u00e7\u00f5es feito pela administra\u00e7\u00e3o republicana.<\/p>\n\n\n\n<blockquote class=\"wp-block-quote is-layout-flow wp-block-quote-is-layout-flow\">\n<p class=\"wp-block-paragraph\">\u200b&#8221;A transpar\u00eancia n\u00e3o \u00e9 opcional quando se trata de crimes dessa magnitude. O p\u00fablico tem o direito de saber quem participou desse esquema&#8221;, afirmou a ex-secret\u00e1ria de Estado.<\/p>\n<\/blockquote>\n","protected":false},"excerpt":{"rendered":"<p>\u200bA ex-secret\u00e1ria de Estado e ex-primeira-dama dos Estados Unidos, Hillary Clinton, subiu o tom contra a gest\u00e3o de Donald Trump em rela\u00e7\u00e3o ao pol\u00eamico dossi\u00ea [&#8230;]<\/p>\n","protected":false},"author":1,"featured_media":4104,"comment_status":"open","ping_status":"open","sticky":false,"template":"","format":"standard","meta":{"_crdt_document":"","_jetpack_memberships_contains_paid_content":false,"footnotes":"","jetpack_publicize_message":"","jetpack_publicize_feature_enabled":true,"jetpack_social_post_already_shared":true,"jetpack_social_options":{"image_generator_settings":{"template":"highway","default_image_id":0,"font":"","enabled":false},"version":2}},"categories":[15],"tags":[],"class_list":["post-4103","post","type-post","status-publish","format-standard","has-post-thumbnail","hentry","category-internacional"],"jetpack_publicize_connections":[],"jetpack_featured_media_url":"https:\/\/i0.wp.com\/oexpressobr.com.br\/wp-content\/uploads\/2026\/02\/aae472c0-0c3e-11f1-9972-d3f265c101c6.jpg.webp?fit=778%2C519&ssl=1","jetpack_likes_enabled":true,"jetpack_sharing_enabled":true,"_links":{"self":[{"href":"https:\/\/oexpressobr.com.br\/index.php?rest_route=\/wp\/v2\/posts\/4103","targetHints":{"allow":["GET"]}}],"collection":[{"href":"https:\/\/oexpressobr.com.br\/index.php?rest_route=\/wp\/v2\/posts"}],"about":[{"href":"https:\/\/oexpressobr.com.br\/index.php?rest_route=\/wp\/v2\/types\/post"}],"author":[{"embeddable":true,"href":"https:\/\/oexpressobr.com.br\/index.php?rest_route=\/wp\/v2\/users\/1"}],"replies":[{"embeddable":true,"href":"https:\/\/oexpressobr.com.br\/index.php?rest_route=%2Fwp%2Fv2%2Fcomments&post=4103"}],"version-history":[{"count":1,"href":"https:\/\/oexpressobr.com.br\/index.php?rest_route=\/wp\/v2\/posts\/4103\/revisions"}],"predecessor-version":[{"id":4105,"href":"https:\/\/oexpressobr.com.br\/index.php?rest_route=\/wp\/v2\/posts\/4103\/revisions\/4105"}],"wp:featuredmedia":[{"embeddable":true,"href":"https:\/\/oexpressobr.com.br\/index.php?rest_route=\/wp\/v2\/media\/4104"}],"wp:attachment":[{"href":"https:\/\/oexpressobr.com.br\/index.php?rest_route=%2Fwp%2Fv2%2Fmedia&parent=4103"}],"wp:term":[{"taxonomy":"category","embeddable":true,"href":"https:\/\/oexpressobr.com.br\/index.php?rest_route=%2Fwp%2Fv2%2Fcategories&post=4103"},{"taxonomy":"post_tag","embeddable":true,"href":"https:\/\/oexpressobr.com.br\/index.php?rest_route=%2Fwp%2Fv2%2Ftags&post=4103"}],"curies":[{"name":"wp","href":"https:\/\/api.w.org\/{rel}","templated":true}]}}