{"id":4106,"date":"2026-02-18T07:17:03","date_gmt":"2026-02-18T10:17:03","guid":{"rendered":"https:\/\/oexpressobr.com.br\/?p=4106"},"modified":"2026-02-18T07:17:05","modified_gmt":"2026-02-18T10:17:05","slug":"vila-isabel-e-salgueiro-fecham-desfiles-do-grupo-especial-com-homenagens-a-heitor-dos-prazeres-e-rosa-magalhaes","status":"publish","type":"post","link":"https:\/\/oexpressobr.com.br\/?p=4106","title":{"rendered":"Vila Isabel e Salgueiro fecham desfiles do Grupo Especial com homenagens a Heitor dos Prazeres e Rosa Magalh\u00e3es"},"content":{"rendered":"\n<p class=\"wp-block-paragraph\">\u200bA Marqu\u00eas de Sapuca\u00ed viveu uma madrugada de consagra\u00e7\u00e3o e emo\u00e7\u00e3o nesta quarta-feira, 18 de fevereiro de 2026. No encerramento da terceira e \u00faltima noite de desfiles do Grupo Especial, a <strong>Unidos de Vila Isabel<\/strong> e a <strong>Acad\u00eamicos do Salgueiro<\/strong> se consolidaram como as grandes protagonistas, levantando o p\u00fablico e entrando diretamente na briga pelo t\u00edtulo do Carnaval carioca.<\/p>\n\n\n\n<h3 class=\"wp-block-heading\">\u200bVila Isabel: a poesia de Heitor dos Prazeres<\/h3>\n\n\n\n<p class=\"wp-block-paragraph\">\u200bCom o enredo <em>&#8220;Macumbemb\u00ea, Samboremb\u00e1: Sonhei que um Sambista Sonhou a \u00c1frica&#8221;<\/em>, a Vila Isabel realizou uma das apresenta\u00e7\u00f5es mais tecnicamente perfeitas do ano. Sob a batuta dos carnavalescos <strong>Gabriel Haddad<\/strong> e <strong>Leonardo Bora<\/strong>, a escola revisitou a obra do multiartista <strong>Heitor dos Prazeres<\/strong>.<\/p>\n\n\n\n<ul class=\"wp-block-list\">\n<li>\u200b<strong>Destaque Visual:<\/strong> A est\u00e9tica mesclou o Rio antigo com uma &#8220;\u00c1frica imaginada&#8221;, utilizando cores vibrantes que remetiam \u00e0s telas do homenageado.<\/li>\n\n\n\n<li>\u200b<strong>Sabrina Sato:<\/strong> A rainha de bateria brilhou com uma fantasia inspirada na genialidade de Heitor, sendo ovacionada pela arquibancada.<\/li>\n\n\n\n<li>\u200b<strong>Ponto Forte:<\/strong> O int\u00e9rprete <strong>Tinga<\/strong> e a bateria de <strong>Mestre Macaco Branco<\/strong> garantiram o ritmo impec\u00e1vel, colocando a escola como a favorita da noite e forte candidata a quebrar o jejum de 12 anos sem t\u00edtulos.<\/li>\n<\/ul>\n\n\n\n<h3 class=\"wp-block-heading\">\u200bSalgueiro: o adeus luxuoso a Rosa Magalh\u00e3es<\/h3>\n\n\n\n<p class=\"wp-block-paragraph\">\u200bEncerrando os desfiles de 2026, o Salgueiro emocionou a avenida ao homenagear a &#8220;professora&#8221; <strong>Rosa Magalh\u00e3es<\/strong>, carnavalesca hist\u00f3rica que faleceu em 2024. O enredo, assinado por <strong>Jorge Silveira<\/strong>, trouxe o luxo barroco e o rigor acad\u00eamico que eram marcas registradas de Rosa.<\/p>\n\n\n\n<ul class=\"wp-block-list\">\n<li>\u200b<strong>Emo\u00e7\u00e3o na Avenida:<\/strong> A rainha <strong>Viviane Ara\u00fajo<\/strong>, visivelmente emocionada, celebrou seus 18 anos \u00e0 frente da &#8220;Bateria Furiosa&#8221;, que apresentou bossas complexas e precisas.<\/li>\n\n\n\n<li>\u200b<strong>Narrativa:<\/strong> A escola transformou a Sapuca\u00ed em uma grande sala de aula a c\u00e9u aberto, revisitando desfiles ic\u00f4nicos criados por Rosa, como o lend\u00e1rio &#8220;Ratos e Urubus&#8221; (onde ela colaborou) e suas passagens por Imperatriz e Vila Isabel.<\/li>\n<\/ul>\n\n\n\n<h3 class=\"wp-block-heading\">\u200bOutros destaques da noite<\/h3>\n\n\n\n<p class=\"wp-block-paragraph\">\u200bA terceira noite ainda contou com a energia do Manguebeat na <strong>Grande Rio<\/strong>, que teve a estreia da influenciadora <strong>Virginia Fonseca<\/strong> como rainha de bateria, e a ancestralidade religiosa da <strong>Para\u00edso do Tuiuti<\/strong>, que abriu os trabalhos com um enredo sobre a tradi\u00e7\u00e3o de If\u00e1.<\/p>\n\n\n\n<blockquote class=\"wp-block-quote is-layout-flow wp-block-quote-is-layout-flow\">\n<p class=\"wp-block-paragraph\">\u200b<strong>Nota do Jornalista:<\/strong> A expectativa agora se volta para a Apura\u00e7\u00e3o, que ocorre nesta quarta-feira, a partir das 16h. Vila Isabel, Viradouro e Beija-Flor aparecem no topo das bolsas de apostas dos especialistas.<\/p>\n<\/blockquote>\n","protected":false},"excerpt":{"rendered":"<p>\u200bA Marqu\u00eas de Sapuca\u00ed viveu uma madrugada de consagra\u00e7\u00e3o e emo\u00e7\u00e3o nesta quarta-feira, 18 de fevereiro de 2026. No encerramento da terceira e \u00faltima noite [&#8230;]<\/p>\n","protected":false},"author":1,"featured_media":4107,"comment_status":"open","ping_status":"open","sticky":false,"template":"","format":"standard","meta":{"_crdt_document":"","_jetpack_memberships_contains_paid_content":false,"footnotes":"","jetpack_publicize_message":"","jetpack_publicize_feature_enabled":true,"jetpack_social_post_already_shared":true,"jetpack_social_options":{"image_generator_settings":{"template":"highway","default_image_id":0,"font":"","enabled":false},"version":2}},"categories":[3],"tags":[],"class_list":["post-4106","post","type-post","status-publish","format-standard","has-post-thumbnail","hentry","category-brasil"],"jetpack_publicize_connections":[],"jetpack_featured_media_url":"https:\/\/i0.wp.com\/oexpressobr.com.br\/wp-content\/uploads\/2026\/02\/IMG-20260218-WA0065.jpg?fit=1200%2C731&ssl=1","jetpack_likes_enabled":true,"jetpack_sharing_enabled":true,"_links":{"self":[{"href":"https:\/\/oexpressobr.com.br\/index.php?rest_route=\/wp\/v2\/posts\/4106","targetHints":{"allow":["GET"]}}],"collection":[{"href":"https:\/\/oexpressobr.com.br\/index.php?rest_route=\/wp\/v2\/posts"}],"about":[{"href":"https:\/\/oexpressobr.com.br\/index.php?rest_route=\/wp\/v2\/types\/post"}],"author":[{"embeddable":true,"href":"https:\/\/oexpressobr.com.br\/index.php?rest_route=\/wp\/v2\/users\/1"}],"replies":[{"embeddable":true,"href":"https:\/\/oexpressobr.com.br\/index.php?rest_route=%2Fwp%2Fv2%2Fcomments&post=4106"}],"version-history":[{"count":1,"href":"https:\/\/oexpressobr.com.br\/index.php?rest_route=\/wp\/v2\/posts\/4106\/revisions"}],"predecessor-version":[{"id":4108,"href":"https:\/\/oexpressobr.com.br\/index.php?rest_route=\/wp\/v2\/posts\/4106\/revisions\/4108"}],"wp:featuredmedia":[{"embeddable":true,"href":"https:\/\/oexpressobr.com.br\/index.php?rest_route=\/wp\/v2\/media\/4107"}],"wp:attachment":[{"href":"https:\/\/oexpressobr.com.br\/index.php?rest_route=%2Fwp%2Fv2%2Fmedia&parent=4106"}],"wp:term":[{"taxonomy":"category","embeddable":true,"href":"https:\/\/oexpressobr.com.br\/index.php?rest_route=%2Fwp%2Fv2%2Fcategories&post=4106"},{"taxonomy":"post_tag","embeddable":true,"href":"https:\/\/oexpressobr.com.br\/index.php?rest_route=%2Fwp%2Fv2%2Ftags&post=4106"}],"curies":[{"name":"wp","href":"https:\/\/api.w.org\/{rel}","templated":true}]}}