{"id":4109,"date":"2026-02-18T13:33:13","date_gmt":"2026-02-18T16:33:13","guid":{"rendered":"https:\/\/oexpressobr.com.br\/?p=4109"},"modified":"2026-02-18T13:33:14","modified_gmt":"2026-02-18T16:33:14","slug":"bc-decreta-liquidacao-do-banco-pleno-e-amplia-impacto-do-caso-master-no-sistema-financeiro","status":"publish","type":"post","link":"https:\/\/oexpressobr.com.br\/?p=4109","title":{"rendered":"BC DECRETA liquida\u00e7\u00e3o do Banco Pleno e amplia impacto do Caso Master no sistema financeiro"},"content":{"rendered":"\n<p class=\"wp-block-paragraph\">\u200bO Banco Central (BC) anunciou, na manh\u00e3 desta quarta-feira (18 de fevereiro de 2026), a liquida\u00e7\u00e3o extrajudicial do <strong>Banco Pleno S.A.<\/strong> e da <strong>Pleno Distribuidora de T\u00edtulos e Valores Mobili\u00e1rios (DTVM)<\/strong>. A medida representa o oitavo desdobramento severo contra institui\u00e7\u00f5es ligadas ao controverso <strong>Caso Master<\/strong>, elevando a conta de ressarcimentos do Fundo Garantidor de Cr\u00e9ditos (FGC) para um patamar hist\u00f3rico.<\/p>\n\n\n\n<h3 class=\"wp-block-heading\">\u200bCrise de liquidez e descumprimento de normas<\/h3>\n\n\n\n<p class=\"wp-block-paragraph\">\u200bSegundo o comunicado oficial da autoridade monet\u00e1ria, a decis\u00e3o foi motivada pelo acentuado comprometimento da situa\u00e7\u00e3o econ\u00f4mico-financeira do conglomerado. O BC citou a &#8220;deteriora\u00e7\u00e3o da situa\u00e7\u00e3o de liquidez&#8221;, al\u00e9m de infra\u00e7\u00f5es graves \u00e0s normas que disciplinam a atividade banc\u00e1ria e o descumprimento de determina\u00e7\u00f5es anteriormente impostas pelo regulador.<\/p>\n\n\n\n<p class=\"wp-block-paragraph\">\u200bCom a decreta\u00e7\u00e3o, os bens dos controladores e administradores do Banco Pleno foram imediatamente tornados indispon\u00edveis. O BC informou que continuar\u00e1 apurando as responsabilidades, o que pode resultar em san\u00e7\u00f5es administrativas e no encaminhamento de provas ao Minist\u00e9rio P\u00fablico e \u00e0 Pol\u00edcia Federal.<\/p>\n\n\n\n<h3 class=\"wp-block-heading\">\u200bO elo com o Banco Master e Augusto Lima<\/h3>\n\n\n\n<p class=\"wp-block-paragraph\">\u200bO Banco Pleno, que operava anteriormente sob a marca <strong>Banco Voiter<\/strong> (e antes como Indusval), estava sob o controle do empres\u00e1rio <strong>Augusto Ferreira Lima<\/strong>. Lima \u00e9 figura central nas investiga\u00e7\u00f5es: ex-CEO e ex-s\u00f3cio de <strong>Daniel Vorcaro<\/strong> no Banco Master, ele havia assumido o controle total do Pleno em agosto de 2025, ap\u00f3s deixar a sociedade no Master.<\/p>\n\n\n\n<p class=\"wp-block-paragraph\">\u200bEmbora o FGC reforce que o Pleno n\u00e3o integrava formalmente o conglomerado Master no momento da quebra, o v\u00ednculo entre os executivos e as opera\u00e7\u00f5es cruzadas colocam a institui\u00e7\u00e3o no centro da &#8220;Opera\u00e7\u00e3o Compliance Zero&#8221;. Augusto Lima chegou a ser preso preventivamente em novembro de 2025 em fases anteriores da investiga\u00e7\u00e3o que apura fraudes bilion\u00e1rias.<\/p>\n\n\n\n<h3 class=\"wp-block-heading\">\u200bRombo bilion\u00e1rio e prote\u00e7\u00e3o aos investidores<\/h3>\n\n\n\n<p class=\"wp-block-paragraph\">\u200bA liquida\u00e7\u00e3o do Banco Pleno adiciona uma fatura estimada em <strong>R$ 4,9 bilh\u00f5es<\/strong> ao Fundo Garantidor de Cr\u00e9ditos. Com isso, o custo total das liquida\u00e7\u00f5es associadas ao ecossistema do Banco Master j\u00e1 ultrapassa os <strong>R$ 51,8 bilh\u00f5es<\/strong>, pressionando a estrutura do FGC e motivando discuss\u00f5es no governo sobre reformas estruturais no sistema de garantias banc\u00e1rias.<\/p>\n\n\n\n<p class=\"wp-block-paragraph\">\u200b<strong>O que acontece agora com os clientes:<\/strong><\/p>\n\n\n\n<ul class=\"wp-block-list\">\n<li>\u200b<strong>Garantia do FGC:<\/strong> Investidores que possuem dep\u00f3sitos em conta corrente, poupan\u00e7a ou CDBs do Banco Pleno t\u00eam direito ao ressarcimento de at\u00e9 <strong>R$ 250 mil<\/strong> por CPF ou CNPJ.<\/li>\n\n\n\n<li>\u200b<strong>Procedimento:<\/strong> O liquidante nomeado pelo BC deve consolidar a lista de credores nos pr\u00f3ximos dias. Os clientes dever\u00e3o realizar a solicita\u00e7\u00e3o de reembolso preferencialmente pelo aplicativo oficial do FGC.<\/li>\n\n\n\n<li>\u200b<strong>Porte da Institui\u00e7\u00e3o:<\/strong> O BC tranquilizou o mercado ao classificar o Pleno como uma institui\u00e7\u00e3o de pequeno porte (segmento S4), detendo apenas 0,04% dos ativos do Sistema Financeiro Nacional, o que afasta riscos de cont\u00e1gio sist\u00eamico imediato.<\/li>\n<\/ul>\n\n\n\n<p class=\"wp-block-paragraph\">\u200bA queda do Banco Pleno ocorre em um momento de alta tens\u00e3o pol\u00edtica, com o Congresso Nacional avaliando a abertura de uma CPI para investigar a rela\u00e7\u00e3o entre o Banco Master, autoridades do Judici\u00e1rio e o suposto esquema de cr\u00e9ditos fraudulentos que teria lesado milhares de investidores e institui\u00e7\u00f5es p\u00fablicas.<\/p>\n","protected":false},"excerpt":{"rendered":"<p>\u200bO Banco Central (BC) anunciou, na manh\u00e3 desta quarta-feira (18 de fevereiro de 2026), a liquida\u00e7\u00e3o extrajudicial do Banco Pleno S.A. e da Pleno Distribuidora [&#8230;]<\/p>\n","protected":false},"author":1,"featured_media":4110,"comment_status":"open","ping_status":"open","sticky":false,"template":"","format":"standard","meta":{"_crdt_document":"","_jetpack_memberships_contains_paid_content":false,"footnotes":"","jetpack_publicize_message":"","jetpack_publicize_feature_enabled":true,"jetpack_social_post_already_shared":true,"jetpack_social_options":{"image_generator_settings":{"template":"highway","default_image_id":0,"font":"","enabled":false},"version":2}},"categories":[10],"tags":[],"class_list":["post-4109","post","type-post","status-publish","format-standard","has-post-thumbnail","hentry","category-economia"],"jetpack_publicize_connections":[],"jetpack_featured_media_url":"https:\/\/i0.wp.com\/oexpressobr.com.br\/wp-content\/uploads\/2026\/02\/48002100293_48df25be6d_c.jpg.webp?fit=799%2C533&ssl=1","jetpack_likes_enabled":true,"jetpack_sharing_enabled":true,"_links":{"self":[{"href":"https:\/\/oexpressobr.com.br\/index.php?rest_route=\/wp\/v2\/posts\/4109","targetHints":{"allow":["GET"]}}],"collection":[{"href":"https:\/\/oexpressobr.com.br\/index.php?rest_route=\/wp\/v2\/posts"}],"about":[{"href":"https:\/\/oexpressobr.com.br\/index.php?rest_route=\/wp\/v2\/types\/post"}],"author":[{"embeddable":true,"href":"https:\/\/oexpressobr.com.br\/index.php?rest_route=\/wp\/v2\/users\/1"}],"replies":[{"embeddable":true,"href":"https:\/\/oexpressobr.com.br\/index.php?rest_route=%2Fwp%2Fv2%2Fcomments&post=4109"}],"version-history":[{"count":1,"href":"https:\/\/oexpressobr.com.br\/index.php?rest_route=\/wp\/v2\/posts\/4109\/revisions"}],"predecessor-version":[{"id":4111,"href":"https:\/\/oexpressobr.com.br\/index.php?rest_route=\/wp\/v2\/posts\/4109\/revisions\/4111"}],"wp:featuredmedia":[{"embeddable":true,"href":"https:\/\/oexpressobr.com.br\/index.php?rest_route=\/wp\/v2\/media\/4110"}],"wp:attachment":[{"href":"https:\/\/oexpressobr.com.br\/index.php?rest_route=%2Fwp%2Fv2%2Fmedia&parent=4109"}],"wp:term":[{"taxonomy":"category","embeddable":true,"href":"https:\/\/oexpressobr.com.br\/index.php?rest_route=%2Fwp%2Fv2%2Fcategories&post=4109"},{"taxonomy":"post_tag","embeddable":true,"href":"https:\/\/oexpressobr.com.br\/index.php?rest_route=%2Fwp%2Fv2%2Ftags&post=4109"}],"curies":[{"name":"wp","href":"https:\/\/api.w.org\/{rel}","templated":true}]}}