{"id":411,"date":"2025-12-08T07:17:31","date_gmt":"2025-12-08T10:17:31","guid":{"rendered":"https:\/\/oexpressobr.com.br\/?p=411"},"modified":"2025-12-08T07:17:32","modified_gmt":"2025-12-08T10:17:32","slug":"justica-condena-airbnb-a-custear-tratamento-de-cliente-paraplegica-apos-acidente-em-imovel-alugado","status":"publish","type":"post","link":"https:\/\/oexpressobr.com.br\/?p=411","title":{"rendered":"Justi\u00e7a Condena Airbnb a Custear Tratamento de Cliente Parapl\u00e9gica Ap\u00f3s Acidente em Im\u00f3vel Alugado"},"content":{"rendered":"\n<p class=\"wp-block-paragraph\">A plataforma de aluguel por temporada <strong>Airbnb<\/strong> foi condenada pela Justi\u00e7a a ressarcir as despesas m\u00e9dicas de <strong>Daniella Maia<\/strong>, uma cliente que ficou parapl\u00e9gica ap\u00f3s cair da sacada de um im\u00f3vel alugado pela empresa em Itacar\u00e9, na Bahia, em janeiro de 2025. A decis\u00e3o, em car\u00e1ter liminar, foi proferida pelo desembargador Roberto Freitas Filho, da 3\u00aa Turma C\u00edvel do Tribunal de Justi\u00e7a do Distrito Federal e Territ\u00f3rios (TJDFT), e obriga a plataforma a garantir o custeio cont\u00ednuo do tratamento da v\u00edtima.<\/p>\n\n\n\n<p class=\"wp-block-paragraph\">\u200bA quantia mensal estipulada para o ressarcimento das despesas m\u00e9dico-hospitalares, medicamentos e cuidadores pode variar, mas gira em torno de <strong>R$ 40 mil<\/strong>, conforme os gastos comprovados por Daniella. A decis\u00e3o \u00e9 provis\u00f3ria e v\u00e1lida at\u00e9 o julgamento final da a\u00e7\u00e3o de repara\u00e7\u00e3o de danos, na qual a v\u00edtima pleiteia uma indeniza\u00e7\u00e3o definitiva.<\/p>\n\n\n\n<h3 class=\"wp-block-heading\">\u200bO Acidente e as Sequelas Graves<\/h3>\n\n\n\n<p class=\"wp-block-paragraph\">\u200bDaniella, uma brasileira que reside na Austr\u00e1lia, estava de f\u00e9rias no Brasil quando alugou o im\u00f3vel. O acidente ocorreu quando ela se apoiou no parapeito da varanda, que se rompeu, resultando em uma queda de cerca de quatro metros de altura.<\/p>\n\n\n\n<p class=\"wp-block-paragraph\">\u200bA queda causou um traumatismo raquimedular, levando ao diagn\u00f3stico de <strong>paraplegia completa<\/strong>, com perda total dos movimentos e da sensibilidade da cintura para baixo. Segundo o processo, a v\u00edtima tamb\u00e9m sofreu outras complica\u00e7\u00f5es e necessita de cuidados di\u00e1rios, incluindo fisioterapia intensiva, medicamentos de alto custo e assist\u00eancia de terceiros, pois n\u00e3o tem condi\u00e7\u00f5es de trabalhar para manter o pr\u00f3prio sustento.<\/p>\n\n\n\n<h3 class=\"wp-block-heading\">\u200bFundamenta\u00e7\u00e3o da Decis\u00e3o<\/h3>\n\n\n\n<p class=\"wp-block-paragraph\">\u200bA decis\u00e3o do desembargador reverteu o entendimento da 1\u00aa inst\u00e2ncia, que havia negado a tutela provis\u00f3ria. O magistrado destacou que a rela\u00e7\u00e3o jur\u00eddica entre a consumidora, a propriet\u00e1ria do im\u00f3vel e a plataforma est\u00e1 submetida ao <strong>C\u00f3digo de Defesa do Consumidor (CDC)<\/strong>. Ele considerou haver provas de sequelas graves e incapacidade de a v\u00edtima se sustentar, o que configura um risco de dano grave ou de dif\u00edcil repara\u00e7\u00e3o.<\/p>\n\n\n\n<p class=\"wp-block-paragraph\">\u200bO fato de a pr\u00f3pria plataforma j\u00e1 ter reconhecido sua responsabilidade ao pagar o seguro de forma extrajudicial tamb\u00e9m foi um ponto considerado pelo desembargador, que afirmou n\u00e3o haver ind\u00edcios de rompimento do nexo causal. Dessa forma, o Airbnb foi obrigado a assumir o ressarcimento dos gastos, mediante a apresenta\u00e7\u00e3o de notas fiscais e relat\u00f3rios m\u00e9dicos.<\/p>\n\n\n\n<p class=\"wp-block-paragraph\">\u200bEm nota, o <strong>Airbnb<\/strong> afirmou que cumprir\u00e1 as determina\u00e7\u00f5es da Justi\u00e7a e tomar\u00e1 as provid\u00eancias cab\u00edveis ao t\u00e9rmino do julgamento definitivo. O caso segue em tramita\u00e7\u00e3o no TJDFT.<\/p>\n","protected":false},"excerpt":{"rendered":"<p>A plataforma de aluguel por temporada Airbnb foi condenada pela Justi\u00e7a a ressarcir as despesas m\u00e9dicas de Daniella Maia, uma cliente que ficou parapl\u00e9gica ap\u00f3s [&#8230;]<\/p>\n","protected":false},"author":1,"featured_media":412,"comment_status":"open","ping_status":"open","sticky":false,"template":"","format":"standard","meta":{"_crdt_document":"","_jetpack_memberships_contains_paid_content":false,"footnotes":"","jetpack_publicize_message":"","jetpack_publicize_feature_enabled":true,"jetpack_social_post_already_shared":false,"jetpack_social_options":{"image_generator_settings":{"template":"highway","default_image_id":0,"font":"","enabled":false},"version":2}},"categories":[8],"tags":[],"class_list":["post-411","post","type-post","status-publish","format-standard","has-post-thumbnail","hentry","category-judiciario"],"jetpack_publicize_connections":[],"jetpack_featured_media_url":"https:\/\/i0.wp.com\/oexpressobr.com.br\/wp-content\/uploads\/2025\/12\/IMG-20251208-WA0048.jpg?fit=1000%2C562&ssl=1","jetpack_likes_enabled":true,"jetpack_sharing_enabled":true,"_links":{"self":[{"href":"https:\/\/oexpressobr.com.br\/index.php?rest_route=\/wp\/v2\/posts\/411","targetHints":{"allow":["GET"]}}],"collection":[{"href":"https:\/\/oexpressobr.com.br\/index.php?rest_route=\/wp\/v2\/posts"}],"about":[{"href":"https:\/\/oexpressobr.com.br\/index.php?rest_route=\/wp\/v2\/types\/post"}],"author":[{"embeddable":true,"href":"https:\/\/oexpressobr.com.br\/index.php?rest_route=\/wp\/v2\/users\/1"}],"replies":[{"embeddable":true,"href":"https:\/\/oexpressobr.com.br\/index.php?rest_route=%2Fwp%2Fv2%2Fcomments&post=411"}],"version-history":[{"count":0,"href":"https:\/\/oexpressobr.com.br\/index.php?rest_route=\/wp\/v2\/posts\/411\/revisions"}],"wp:featuredmedia":[{"embeddable":true,"href":"https:\/\/oexpressobr.com.br\/index.php?rest_route=\/wp\/v2\/media\/412"}],"wp:attachment":[{"href":"https:\/\/oexpressobr.com.br\/index.php?rest_route=%2Fwp%2Fv2%2Fmedia&parent=411"}],"wp:term":[{"taxonomy":"category","embeddable":true,"href":"https:\/\/oexpressobr.com.br\/index.php?rest_route=%2Fwp%2Fv2%2Fcategories&post=411"},{"taxonomy":"post_tag","embeddable":true,"href":"https:\/\/oexpressobr.com.br\/index.php?rest_route=%2Fwp%2Fv2%2Ftags&post=411"}],"curies":[{"name":"wp","href":"https:\/\/api.w.org\/{rel}","templated":true}]}}