{"id":4115,"date":"2026-02-18T14:00:01","date_gmt":"2026-02-18T17:00:01","guid":{"rendered":"https:\/\/oexpressobr.com.br\/?p=4115"},"modified":"2026-02-18T14:00:04","modified_gmt":"2026-02-18T17:00:04","slug":"comunidade-islamica-de-foz-do-iguacu-adapta-rotina-e-restaurantes-ampliam-horarios-para-o-ramada-2026","status":"publish","type":"post","link":"https:\/\/oexpressobr.com.br\/?p=4115","title":{"rendered":"COMUNIDADE ISL\u00c2MICA DE FOZ DO IGUA\u00c7U adapta rotina e restaurantes ampliam hor\u00e1rios para o Ramad\u00e3 2026"},"content":{"rendered":"\n<p class=\"wp-block-paragraph\">O <strong>Ramad\u00e3<\/strong>, m\u00eas mais sagrado do calend\u00e1rio isl\u00e2mico, teve in\u00edcio oficialmente nesta quarta-feira, <strong>18 de fevereiro de 2026<\/strong>. Em Foz do Igua\u00e7u, cidade que abriga a segunda maior comunidade mu\u00e7ulmana do Brasil, a rotina de servi\u00e7os e o cen\u00e1rio gastron\u00f4mico passam por uma transforma\u00e7\u00e3o singular para acolher os fi\u00e9is que praticam o jejum ritual do nascer ao p\u00f4r do sol.<\/p>\n\n\n\n<h3 class=\"wp-block-heading\">\u200bRestaurantes e o Novo Hor\u00e1rio da Madrugada<\/h3>\n\n\n\n<p class=\"wp-block-paragraph\">\u200bPara atender \u00e0queles que realizam o <em>Suhoor<\/em> (refei\u00e7\u00e3o matinal antes do amanhecer) e o <em>Iftar<\/em> (quebra do jejum ao anoitecer), estabelecimentos do bairro \u00e1rabe e arredores da <strong>Mesquita Omar Ibn Al-Khattab<\/strong> alteraram drasticamente seus expedientes.<\/p>\n\n\n\n<ul class=\"wp-block-list\">\n<li>\u200b<strong>Atendimento estendido:<\/strong> Diversos restaurantes agora abrem suas portas por volta das <strong>23h<\/strong> e seguem em funcionamento at\u00e9 o in\u00edcio da manh\u00e3, entre <strong>3h e 5h<\/strong>.<\/li>\n\n\n\n<li>\u200b<strong>Card\u00e1pio especializado:<\/strong> Al\u00e9m do tradicional <em>shawarma<\/em>, o foco se volta para pratos que garantam sustenta\u00e7\u00e3o durante as mais de 13 horas de jejum di\u00e1rio, como sopas de lentilha, t\u00e2maras e esfirras.<\/li>\n\n\n\n<li>\u200b<strong>Fins de semana:<\/strong> O movimento \u00e9 ainda maior, com alguns locais funcionando ininterruptamente da noite de sexta at\u00e9 o amanhecer de s\u00e1bado para receber fam\u00edlias completas.<\/li>\n<\/ul>\n\n\n\n<h3 class=\"wp-block-heading\">\u200bFoz do Igua\u00e7u: Um Polo de F\u00e9 e Cultura<\/h3>\n\n\n\n<p class=\"wp-block-paragraph\">\u200bCom uma popula\u00e7\u00e3o estimada em cerca de <strong>25 mil \u00e1rabes e descendentes<\/strong>, Foz do Igua\u00e7u consolidou-se como um dos principais centros do Isl\u00e3 na Am\u00e9rica Latina. Neste ano, as celebra\u00e7\u00f5es ganharam um contorno especial:<\/p>\n\n\n\n<ol class=\"wp-block-list\">\n<li>\u200b<strong>Abertura Solene:<\/strong> Na \u00faltima ter\u00e7a-feira (17), a Mesquita Omar Ibn Al-Khattab promoveu um evento de boas-vindas com o lan\u00e7amento de uma <strong>ilumina\u00e7\u00e3o especial<\/strong> e proje\u00e7\u00f5es visuais na c\u00fapula, atraindo n\u00e3o apenas fi\u00e9is, mas tamb\u00e9m turistas.<\/li>\n\n\n\n<li>\u200b<strong>Turismo Halal:<\/strong> A cidade vem se posicionando como o primeiro destino tur\u00edstico <em>halal<\/em> do Brasil, adaptando hot\u00e9is e servi\u00e7os para respeitar as leis diet\u00e9ticas e religiosas dos visitantes mu\u00e7ulmanos.<\/li>\n\n\n\n<li>\u200b<strong>Resili\u00eancia Comunit\u00e1ria:<\/strong> Apesar de epis\u00f3dios recentes de intoler\u00e2ncia registrados na regi\u00e3o, as lideran\u00e7as locais refor\u00e7am o car\u00e1ter de paz e caridade do m\u00eas. &#8220;O Ramad\u00e3 \u00e9 oportunidade de purifica\u00e7\u00e3o e empatia&#8221;, destacam representantes da mesquita.<\/li>\n<\/ol>\n\n\n\n<h3 class=\"wp-block-heading\">\u200bCalend\u00e1rio do Ramad\u00e3 2026<\/h3>\n\n\n\n<p class=\"wp-block-paragraph\">\u200bDiferente do calend\u00e1rio solar, o isl\u00e2mico baseia-se nos ciclos da lua, o que faz as datas recuarem cerca de 11 dias a cada ano.<\/p>\n\n\n\n<p class=\"wp-block-paragraph\">Nota do Jornalista: O jejum n\u00e3o consiste apenas em abstin\u00eancia de comida e \u00e1gua, mas tamb\u00e9m de h\u00e1bitos negativos, buscando-se o fortalecimento dos la\u00e7os familiares e a pr\u00e1tica intensiva da caridade (Zakat).<\/p>\n","protected":false},"excerpt":{"rendered":"<p>O Ramad\u00e3, m\u00eas mais sagrado do calend\u00e1rio isl\u00e2mico, teve in\u00edcio oficialmente nesta quarta-feira, 18 de fevereiro de 2026. Em Foz do Igua\u00e7u, cidade que abriga [&#8230;]<\/p>\n","protected":false},"author":1,"featured_media":4116,"comment_status":"open","ping_status":"open","sticky":false,"template":"","format":"standard","meta":{"_crdt_document":"","_jetpack_memberships_contains_paid_content":false,"footnotes":"","jetpack_publicize_message":"","jetpack_publicize_feature_enabled":true,"jetpack_social_post_already_shared":true,"jetpack_social_options":{"image_generator_settings":{"template":"highway","default_image_id":0,"font":"","enabled":false},"version":2}},"categories":[5],"tags":[],"class_list":["post-4115","post","type-post","status-publish","format-standard","has-post-thumbnail","hentry","category-parana"],"jetpack_publicize_connections":[],"jetpack_featured_media_url":"https:\/\/i0.wp.com\/oexpressobr.com.br\/wp-content\/uploads\/2026\/02\/whatsapp-image-2026-02-18-at-10.46.06.jpeg?fit=984%2C738&ssl=1","jetpack_likes_enabled":true,"jetpack_sharing_enabled":true,"_links":{"self":[{"href":"https:\/\/oexpressobr.com.br\/index.php?rest_route=\/wp\/v2\/posts\/4115","targetHints":{"allow":["GET"]}}],"collection":[{"href":"https:\/\/oexpressobr.com.br\/index.php?rest_route=\/wp\/v2\/posts"}],"about":[{"href":"https:\/\/oexpressobr.com.br\/index.php?rest_route=\/wp\/v2\/types\/post"}],"author":[{"embeddable":true,"href":"https:\/\/oexpressobr.com.br\/index.php?rest_route=\/wp\/v2\/users\/1"}],"replies":[{"embeddable":true,"href":"https:\/\/oexpressobr.com.br\/index.php?rest_route=%2Fwp%2Fv2%2Fcomments&post=4115"}],"version-history":[{"count":1,"href":"https:\/\/oexpressobr.com.br\/index.php?rest_route=\/wp\/v2\/posts\/4115\/revisions"}],"predecessor-version":[{"id":4117,"href":"https:\/\/oexpressobr.com.br\/index.php?rest_route=\/wp\/v2\/posts\/4115\/revisions\/4117"}],"wp:featuredmedia":[{"embeddable":true,"href":"https:\/\/oexpressobr.com.br\/index.php?rest_route=\/wp\/v2\/media\/4116"}],"wp:attachment":[{"href":"https:\/\/oexpressobr.com.br\/index.php?rest_route=%2Fwp%2Fv2%2Fmedia&parent=4115"}],"wp:term":[{"taxonomy":"category","embeddable":true,"href":"https:\/\/oexpressobr.com.br\/index.php?rest_route=%2Fwp%2Fv2%2Fcategories&post=4115"},{"taxonomy":"post_tag","embeddable":true,"href":"https:\/\/oexpressobr.com.br\/index.php?rest_route=%2Fwp%2Fv2%2Ftags&post=4115"}],"curies":[{"name":"wp","href":"https:\/\/api.w.org\/{rel}","templated":true}]}}