{"id":4118,"date":"2026-02-18T14:05:51","date_gmt":"2026-02-18T17:05:51","guid":{"rendered":"https:\/\/oexpressobr.com.br\/?p=4118"},"modified":"2026-02-18T14:05:52","modified_gmt":"2026-02-18T17:05:52","slug":"lula-vai-a-india-para-estreitar-lacos-com-modi-e-na-busca-por-us-20-bi-em-comercio","status":"publish","type":"post","link":"https:\/\/oexpressobr.com.br\/?p=4118","title":{"rendered":"Lula vai \u00e0 \u00cdndia para estreitar la\u00e7os com Modi e na busca por US$ 20 bi em com\u00e9rcio"},"content":{"rendered":"\n<p class=\"wp-block-paragraph\"><strong>Visita de Lula a Nova D\u00e9li combina governan\u00e7a de intelig\u00eancia artificial, expans\u00e3o comercial e novo ciclo de investimentos bilaterais.<\/strong><\/p>\n\n\n\n<p class=\"wp-block-paragraph\">\u200b<strong>NOVA D\u00c9LI<\/strong> \u2013 O presidente Luiz In\u00e1cio Lula da Silva desembarca na \u00cdndia nesta semana para uma agenda estrat\u00e9gica que visa elevar o patamar das rela\u00e7\u00f5es bilaterais entre as duas maiores democracias do Sul Global. O foco central da miss\u00e3o diplom\u00e1tica \u00e9 ambicioso: destravar gargalos burocr\u00e1ticos e log\u00edsticos para atingir a meta de <strong>US$ 20 bilh\u00f5es em trocas comerciais<\/strong> nos pr\u00f3ximos anos, consolidando uma parceria que vai muito al\u00e9m das commodities.<\/p>\n\n\n\n<h3 class=\"wp-block-heading\">\u200bO Tri\u00e2ngulo Estrat\u00e9gico: Com\u00e9rcio, Energia e Tecnologia<\/h3>\n\n\n\n<p class=\"wp-block-paragraph\">\u200bA agenda com o primeiro-ministro Narendra Modi n\u00e3o se limita \u00e0 balan\u00e7a comercial tradicional. O encontro ocorre em um momento em que ambos os pa\u00edses buscam protagonismo na reforma de institui\u00e7\u00f5es multilaterais e na lideran\u00e7a de temas tecnol\u00f3gicos de ponta.<\/p>\n\n\n\n<ul class=\"wp-block-list\">\n<li>\u200b<strong>Intelig\u00eancia Artificial (IA):<\/strong> Brasil e \u00cdndia buscam criar uma frente comum para a governan\u00e7a da IA, defendendo que o desenvolvimento dessa tecnologia n\u00e3o fique restrito ao eixo EUA-China. O objetivo \u00e9 garantir que pa\u00edses em desenvolvimento tenham soberania sobre seus dados e infraestrutura digital.<\/li>\n\n\n\n<li>\u200b<strong>Transi\u00e7\u00e3o Energ\u00e9tica:<\/strong> A Alian\u00e7a Global de Biocombust\u00edveis, lan\u00e7ada anteriormente por ambos, ganha novos contornos com a discuss\u00e3o sobre o hidrog\u00eanio verde e a expans\u00e3o do uso de etanol no mercado indiano.<\/li>\n\n\n\n<li>\u200b<strong>Defesa e Aeroespacial:<\/strong> Est\u00e3o em pauta acordos de coopera\u00e7\u00e3o t\u00e9cnica envolvendo a Embraer e empresas indianas, visando o fornecimento de aeronaves e o desenvolvimento conjunto de tecnologias de defesa.<\/li>\n<\/ul>\n\n\n\n<h3 class=\"wp-block-heading\">\u200bDesafios e Oportunidades no Brics+<\/h3>\n\n\n\n<p class=\"wp-block-paragraph\">\u200bA visita tamb\u00e9m serve para alinhar o discurso dentro do <strong>Brics+<\/strong>. Com a recente expans\u00e3o do bloco, Lula e Modi buscam assegurar que a influ\u00eancia de Brasil e \u00cdndia permane\u00e7a forte frente ao peso econ\u00f4mico da China.<\/p>\n\n\n\n<blockquote class=\"wp-block-quote is-layout-flow wp-block-quote-is-layout-flow\">\n<p class=\"wp-block-paragraph\">\u200b&#8221;A rela\u00e7\u00e3o entre Brasil e \u00cdndia \u00e9 o pilar de uma nova geografia comercial. N\u00e3o estamos falando apenas de vender soja e comprar qu\u00edmicos, mas de integrar cadeias de valor em tecnologia e energia limpa&#8221;, afirma um diplomata brasileiro envolvido nas negocia\u00e7\u00f5es.<\/p>\n<\/blockquote>\n\n\n\n<p class=\"wp-block-paragraph\">A comitiva brasileira inclui diversos ministros e uma robusta delega\u00e7\u00e3o de empres\u00e1rios, sinalizando que o governo v\u00ea na \u00cdndia o parceiro ideal para diversificar as exporta\u00e7\u00f5es brasileiras e atrair investimentos em infraestrutura.<\/p>\n","protected":false},"excerpt":{"rendered":"<p>Visita de Lula a Nova D\u00e9li combina governan\u00e7a de intelig\u00eancia artificial, expans\u00e3o comercial e novo ciclo de investimentos bilaterais. \u200bNOVA D\u00c9LI \u2013 O presidente Luiz [&#8230;]<\/p>\n","protected":false},"author":1,"featured_media":4119,"comment_status":"open","ping_status":"open","sticky":false,"template":"","format":"standard","meta":{"_crdt_document":"","_jetpack_memberships_contains_paid_content":false,"footnotes":"","jetpack_publicize_message":"","jetpack_publicize_feature_enabled":true,"jetpack_social_post_already_shared":true,"jetpack_social_options":{"image_generator_settings":{"template":"highway","default_image_id":0,"font":"","enabled":false},"version":2}},"categories":[3],"tags":[],"class_list":["post-4118","post","type-post","status-publish","format-standard","has-post-thumbnail","hentry","category-brasil"],"jetpack_publicize_connections":[],"jetpack_featured_media_url":"https:\/\/i0.wp.com\/oexpressobr.com.br\/wp-content\/uploads\/2026\/02\/IMG-20260218-WA0178.jpg?fit=750%2C500&ssl=1","jetpack_likes_enabled":true,"jetpack_sharing_enabled":true,"_links":{"self":[{"href":"https:\/\/oexpressobr.com.br\/index.php?rest_route=\/wp\/v2\/posts\/4118","targetHints":{"allow":["GET"]}}],"collection":[{"href":"https:\/\/oexpressobr.com.br\/index.php?rest_route=\/wp\/v2\/posts"}],"about":[{"href":"https:\/\/oexpressobr.com.br\/index.php?rest_route=\/wp\/v2\/types\/post"}],"author":[{"embeddable":true,"href":"https:\/\/oexpressobr.com.br\/index.php?rest_route=\/wp\/v2\/users\/1"}],"replies":[{"embeddable":true,"href":"https:\/\/oexpressobr.com.br\/index.php?rest_route=%2Fwp%2Fv2%2Fcomments&post=4118"}],"version-history":[{"count":1,"href":"https:\/\/oexpressobr.com.br\/index.php?rest_route=\/wp\/v2\/posts\/4118\/revisions"}],"predecessor-version":[{"id":4120,"href":"https:\/\/oexpressobr.com.br\/index.php?rest_route=\/wp\/v2\/posts\/4118\/revisions\/4120"}],"wp:featuredmedia":[{"embeddable":true,"href":"https:\/\/oexpressobr.com.br\/index.php?rest_route=\/wp\/v2\/media\/4119"}],"wp:attachment":[{"href":"https:\/\/oexpressobr.com.br\/index.php?rest_route=%2Fwp%2Fv2%2Fmedia&parent=4118"}],"wp:term":[{"taxonomy":"category","embeddable":true,"href":"https:\/\/oexpressobr.com.br\/index.php?rest_route=%2Fwp%2Fv2%2Fcategories&post=4118"},{"taxonomy":"post_tag","embeddable":true,"href":"https:\/\/oexpressobr.com.br\/index.php?rest_route=%2Fwp%2Fv2%2Ftags&post=4118"}],"curies":[{"name":"wp","href":"https:\/\/api.w.org\/{rel}","templated":true}]}}