{"id":4127,"date":"2026-02-18T14:20:58","date_gmt":"2026-02-18T17:20:58","guid":{"rendered":"https:\/\/oexpressobr.com.br\/?p=4127"},"modified":"2026-02-18T14:21:00","modified_gmt":"2026-02-18T17:21:00","slug":"colheita-da-soja-perde-ritmo-no-brasil-enquanto-produtores-e-conab-monitoram-perdas-por-estiagem-no-rs","status":"publish","type":"post","link":"https:\/\/oexpressobr.com.br\/?p=4127","title":{"rendered":"COLHEITA DA SOJA perde ritmo no Brasil enquanto produtores e Conab monitoram perdas por estiagem no RS"},"content":{"rendered":"\n<p class=\"wp-block-paragraph\">A colheita da soja na safra 2025\/26 no Brasil apresentou uma desacelera\u00e7\u00e3o na \u00faltima semana, perdendo o f\u00f4lego que mantinha desde o in\u00edcio de janeiro. De acordo com dados da consultoria AgRural, os trabalhos de campo atingiram 21% da \u00e1rea cultivada at\u00e9 a \u00faltima quinta-feira (12), um avan\u00e7o em rela\u00e7\u00e3o aos 16% da semana anterior, mas ainda abaixo dos 24% registrados no mesmo per\u00edodo do ciclo passado.<\/p>\n\n\n\n<p class=\"wp-block-paragraph\">\u200bEnquanto estados como Mato Grosso lideram o avan\u00e7o com quase metade da \u00e1rea colhida (46,8%), o foco das aten\u00e7\u00f5es e das preocupa\u00e7\u00f5es do setor agropecu\u00e1rio se volta para o Rio Grande do Sul. O estado ga\u00facho enfrenta um cen\u00e1rio de estiagem severa e temperaturas que ultrapassam os 40 \u00baC, comprometendo lavouras em est\u00e1gios cr\u00edticos de flora\u00e7\u00e3o e enchimento de gr\u00e3os.<\/p>\n\n\n\n<h3 class=\"wp-block-heading\">\u200bImpactos no Rio Grande do Sul<\/h3>\n\n\n\n<p class=\"wp-block-paragraph\">\u200bRelatos da Emater\/RS e de produtores locais indicam perdas irrevers\u00edveis. Em regi\u00f5es como as Miss\u00f5es e a Fronteira Oeste, o abortamento de flores e o murchamento precoce das plantas j\u00e1 resultam em quebras de produtividade que variam de 25% a 80% em \u00e1reas mais cr\u00edticas. O &#8220;cen\u00e1rio devastador&#8221; descrito por produtores de munic\u00edpios como Bag\u00e9, Manoel Viana e S\u00e3o Borja coloca em xeque a expectativa de uma safra recorde para o estado.<\/p>\n\n\n\n<h3 class=\"wp-block-heading\">\u200bEstimativas da Conab e USDA<\/h3>\n\n\n\n<p class=\"wp-block-paragraph\">\u200bApesar das dificuldades regionais, a Companhia Nacional de Abastecimento (Conab) revisou recentemente suas proje\u00e7\u00f5es nacionais. Em seu 5\u00ba levantamento para a safra 2025\/26, divulgado em fevereiro de 2026, a estatal elevou a estimativa de produ\u00e7\u00e3o de soja para <strong>178 milh\u00f5es de toneladas<\/strong>, o que representaria um aumento de 3,8% em rela\u00e7\u00e3o \u00e0 temporada anterior.<\/p>\n\n\n\n<p class=\"wp-block-paragraph\">\u200bParalelamente, o Departamento de Agricultura dos Estados Unidos (USDA) mostrou-se ainda mais otimista em seu \u00faltimo relat\u00f3rio, projetando a safra brasileira em <strong>180 milh\u00f5es de toneladas<\/strong>. No entanto, ambos os \u00f3rg\u00e3os reconhecem que os n\u00fameros finais depender\u00e3o da confirma\u00e7\u00e3o das perdas no Sul, que ainda est\u00e3o sendo apuradas tecnicamente.<\/p>\n\n\n\n<h3 class=\"wp-block-heading\">\u200bMercado e Clima<\/h3>\n\n\n\n<p class=\"wp-block-paragraph\">\u200bO atraso na colheita e a incerteza clim\u00e1tica trazem instabilidade aos pre\u00e7os. Se por um lado o Centro-Oeste avan\u00e7a com bons rendimentos, o &#8220;grito final&#8221; dos produtores ga\u00fachos, como define a consultoria local, alerta para uma crise de liquidez, onde muitos agricultores temem n\u00e3o conseguir cobrir sequer os custos de produ\u00e7\u00e3o.<\/p>\n\n\n\n<p class=\"wp-block-paragraph\">\u200bPara os pr\u00f3ximos dias, a previs\u00e3o indica chuvas irregulares, o que pode n\u00e3o ser suficiente para recuperar as plantas j\u00e1 afetadas pelo estresse h\u00eddrico prolongado, consolidando a safra 2025\/26 como um ciclo de contrastes extremos para o agroneg\u00f3cio brasileiro.<\/p>\n","protected":false},"excerpt":{"rendered":"<p>A colheita da soja na safra 2025\/26 no Brasil apresentou uma desacelera\u00e7\u00e3o na \u00faltima semana, perdendo o f\u00f4lego que mantinha desde o in\u00edcio de janeiro. [&#8230;]<\/p>\n","protected":false},"author":1,"featured_media":4128,"comment_status":"open","ping_status":"open","sticky":false,"template":"","format":"standard","meta":{"_crdt_document":"","_jetpack_memberships_contains_paid_content":false,"footnotes":"","jetpack_publicize_message":"","jetpack_publicize_feature_enabled":true,"jetpack_social_post_already_shared":true,"jetpack_social_options":{"image_generator_settings":{"template":"highway","default_image_id":0,"font":"","enabled":false},"version":2}},"categories":[34],"tags":[],"class_list":["post-4127","post","type-post","status-publish","format-standard","has-post-thumbnail","hentry","category-agro"],"jetpack_publicize_connections":[],"jetpack_featured_media_url":"https:\/\/i0.wp.com\/oexpressobr.com.br\/wp-content\/uploads\/2026\/02\/IMG-20260218-WA0177.jpg?fit=750%2C491&ssl=1","jetpack_likes_enabled":true,"jetpack_sharing_enabled":true,"_links":{"self":[{"href":"https:\/\/oexpressobr.com.br\/index.php?rest_route=\/wp\/v2\/posts\/4127","targetHints":{"allow":["GET"]}}],"collection":[{"href":"https:\/\/oexpressobr.com.br\/index.php?rest_route=\/wp\/v2\/posts"}],"about":[{"href":"https:\/\/oexpressobr.com.br\/index.php?rest_route=\/wp\/v2\/types\/post"}],"author":[{"embeddable":true,"href":"https:\/\/oexpressobr.com.br\/index.php?rest_route=\/wp\/v2\/users\/1"}],"replies":[{"embeddable":true,"href":"https:\/\/oexpressobr.com.br\/index.php?rest_route=%2Fwp%2Fv2%2Fcomments&post=4127"}],"version-history":[{"count":1,"href":"https:\/\/oexpressobr.com.br\/index.php?rest_route=\/wp\/v2\/posts\/4127\/revisions"}],"predecessor-version":[{"id":4129,"href":"https:\/\/oexpressobr.com.br\/index.php?rest_route=\/wp\/v2\/posts\/4127\/revisions\/4129"}],"wp:featuredmedia":[{"embeddable":true,"href":"https:\/\/oexpressobr.com.br\/index.php?rest_route=\/wp\/v2\/media\/4128"}],"wp:attachment":[{"href":"https:\/\/oexpressobr.com.br\/index.php?rest_route=%2Fwp%2Fv2%2Fmedia&parent=4127"}],"wp:term":[{"taxonomy":"category","embeddable":true,"href":"https:\/\/oexpressobr.com.br\/index.php?rest_route=%2Fwp%2Fv2%2Fcategories&post=4127"},{"taxonomy":"post_tag","embeddable":true,"href":"https:\/\/oexpressobr.com.br\/index.php?rest_route=%2Fwp%2Fv2%2Ftags&post=4127"}],"curies":[{"name":"wp","href":"https:\/\/api.w.org\/{rel}","templated":true}]}}