{"id":4130,"date":"2026-02-18T14:26:08","date_gmt":"2026-02-18T17:26:08","guid":{"rendered":"https:\/\/oexpressobr.com.br\/?p=4130"},"modified":"2026-02-18T14:26:10","modified_gmt":"2026-02-18T17:26:10","slug":"eleicao-de-2026-deve-repetir-clima-antissistema-e-polarizacao-entre-lula-e-cla-bolsonaro-aponta-eurasia","status":"publish","type":"post","link":"https:\/\/oexpressobr.com.br\/?p=4130","title":{"rendered":"ELEI\u00c7\u00c3O de 2026 deve repetir clima antissistema e polariza\u00e7\u00e3o entre Lula e Cl\u00e3 Bolsonaro, aponta Eurasia"},"content":{"rendered":"\n<p class=\"wp-block-paragraph\">O cen\u00e1rio pol\u00edtico para as elei\u00e7\u00f5es de 2026 come\u00e7a a se consolidar com contornos que remetem ao pleito de 2018. Segundo an\u00e1lise de Christopher Garman, diretor para as Am\u00e9ricas da consultoria de risco Eurasia Group, o Brasil deve enfrentar novamente um forte sentimento &#8220;antissistema&#8221;, mesmo em um contexto econ\u00f4mico de leve crescimento. A disputa, que hoje tem o presidente Luiz In\u00e1cio Lula da Silva e o senador Fl\u00e1vio Bolsonaro como protagonistas nas pesquisas, deve ser decidida por uma fatia estreita de 10% do eleitorado, com foco central em seguran\u00e7a p\u00fablica e custo de vida.<\/p>\n\n\n\n<h3 class=\"wp-block-heading\">\u200bO &#8220;X&#8221; da quest\u00e3o: Seguran\u00e7a e Economia<\/h3>\n\n\n\n<p class=\"wp-block-paragraph\">\u200bApesar de indicadores econ\u00f4micos mostrarem resili\u00eancia, o &#8220;bolso&#8221; e a &#8220;sensa\u00e7\u00e3o de seguran\u00e7a&#8221; continuam sendo os calcanhares de Aquiles dos governantes. Para a Eurasia, a percep\u00e7\u00e3o de melhora econ\u00f4mica nem sempre se traduz em aprova\u00e7\u00e3o imediata, especialmente quando o custo de vida \u2014 como o pre\u00e7o de alimentos e energia \u2014 pressiona as fam\u00edlias. No campo da seguran\u00e7a, o tema ganhou tra\u00e7\u00e3o com a discuss\u00e3o de novas pol\u00edticas integradas, tornando-se o principal palanque da oposi\u00e7\u00e3o para atrair o eleitor moderado que se sente vulner\u00e1vel \u00e0 criminalidade.<\/p>\n\n\n\n<h3 class=\"wp-block-heading\">\u200bOs n\u00fameros de hoje: Lula vs. Fl\u00e1vio Bolsonaro<\/h3>\n\n\n\n<p class=\"wp-block-paragraph\">\u200bDados recentes de fevereiro de 2026 mostram um cen\u00e1rio de cristaliza\u00e7\u00e3o. Pesquisas de institutos como Genial\/Quaest e Real Time Big Data indicam:<\/p>\n\n\n\n<ul class=\"wp-block-list\">\n<li>\u200b<strong>Lula (PT):<\/strong> Lidera as inten\u00e7\u00f5es de voto com \u00edndices entre 35% e 39%, mantendo um &#8220;piso&#8221; s\u00f3lido de apoio, mas enfrentando uma rejei\u00e7\u00e3o que ultrapassa os 50%.<\/li>\n\n\n\n<li>\u200b<strong>Fl\u00e1vio Bolsonaro (PL):<\/strong> Consolida-se como o herdeiro do capital pol\u00edtico de Jair Bolsonaro (que permanece ineleg\u00edvel e sob press\u00e3o judicial). Fl\u00e1vio aparece com cerca de 28% a 30%, tentando adotar um tom mais moderado para atrair partidos de centro e nomes como Tarc\u00edsio de Freitas ou Romeu Zema para uma eventual chapa.<\/li>\n\n\n\n<li>\u200b<strong>A Terceira Via:<\/strong> Nomes como Ratinho J\u00fanior (PSD) e Ronaldo Caiado (Uni\u00e3o Brasil) buscam espa\u00e7o como alternativas, mas ainda patinam em um d\u00edgito, tentando se apresentar como gestores eficientes em seguran\u00e7a e agroneg\u00f3cio.<\/li>\n<\/ul>\n\n\n\n<h3 class=\"wp-block-heading\">\u200bO papel da Intelig\u00eancia Artificial e o risco global<\/h3>\n\n\n\n<p class=\"wp-block-paragraph\">\u200bO relat\u00f3rio &#8220;Top Risks 2026&#8221; da Eurasia tamb\u00e9m alerta para um novo componente disruptivo: o uso massivo de Intelig\u00eancia Artificial nas campanhas. Em uma democracia altamente polarizada, a desinforma\u00e7\u00e3o impulsionada por IA pode desequilibrar a balan\u00e7a em uma elei\u00e7\u00e3o que promete ser decidida por margens m\u00ednimas, possivelmente inferiores a 3 pontos percentuais, conforme sugerem analistas de dados.<\/p>\n\n\n\n<p class=\"wp-block-paragraph\">\u200bO clima de &#8220;n\u00f3s contra eles&#8221; deve perdurar, com o eleitorado dividido entre o medo da volta do bolsonarismo e a insatisfa\u00e7\u00e3o com a continuidade do atual governo. O desafio dos candidatos ser\u00e1 romper essa bolha e conquistar o eleitor &#8220;nem-nem&#8221;, que prioriza resultados pr\u00e1ticos no dia a dia em vez de alinhamento ideol\u00f3gico.<\/p>\n","protected":false},"excerpt":{"rendered":"<p>O cen\u00e1rio pol\u00edtico para as elei\u00e7\u00f5es de 2026 come\u00e7a a se consolidar com contornos que remetem ao pleito de 2018. Segundo an\u00e1lise de Christopher Garman, [&#8230;]<\/p>\n","protected":false},"author":1,"featured_media":4131,"comment_status":"open","ping_status":"open","sticky":false,"template":"","format":"standard","meta":{"_crdt_document":"","_jetpack_memberships_contains_paid_content":false,"footnotes":"","jetpack_publicize_message":"","jetpack_publicize_feature_enabled":true,"jetpack_social_post_already_shared":true,"jetpack_social_options":{"image_generator_settings":{"template":"highway","default_image_id":0,"font":"","enabled":false},"version":2}},"categories":[7],"tags":[],"class_list":["post-4130","post","type-post","status-publish","format-standard","has-post-thumbnail","hentry","category-politica"],"jetpack_publicize_connections":[],"jetpack_featured_media_url":"https:\/\/i0.wp.com\/oexpressobr.com.br\/wp-content\/uploads\/2026\/02\/IMG-20260218-WA0175.jpg?fit=750%2C496&ssl=1","jetpack_likes_enabled":true,"jetpack_sharing_enabled":true,"_links":{"self":[{"href":"https:\/\/oexpressobr.com.br\/index.php?rest_route=\/wp\/v2\/posts\/4130","targetHints":{"allow":["GET"]}}],"collection":[{"href":"https:\/\/oexpressobr.com.br\/index.php?rest_route=\/wp\/v2\/posts"}],"about":[{"href":"https:\/\/oexpressobr.com.br\/index.php?rest_route=\/wp\/v2\/types\/post"}],"author":[{"embeddable":true,"href":"https:\/\/oexpressobr.com.br\/index.php?rest_route=\/wp\/v2\/users\/1"}],"replies":[{"embeddable":true,"href":"https:\/\/oexpressobr.com.br\/index.php?rest_route=%2Fwp%2Fv2%2Fcomments&post=4130"}],"version-history":[{"count":1,"href":"https:\/\/oexpressobr.com.br\/index.php?rest_route=\/wp\/v2\/posts\/4130\/revisions"}],"predecessor-version":[{"id":4132,"href":"https:\/\/oexpressobr.com.br\/index.php?rest_route=\/wp\/v2\/posts\/4130\/revisions\/4132"}],"wp:featuredmedia":[{"embeddable":true,"href":"https:\/\/oexpressobr.com.br\/index.php?rest_route=\/wp\/v2\/media\/4131"}],"wp:attachment":[{"href":"https:\/\/oexpressobr.com.br\/index.php?rest_route=%2Fwp%2Fv2%2Fmedia&parent=4130"}],"wp:term":[{"taxonomy":"category","embeddable":true,"href":"https:\/\/oexpressobr.com.br\/index.php?rest_route=%2Fwp%2Fv2%2Fcategories&post=4130"},{"taxonomy":"post_tag","embeddable":true,"href":"https:\/\/oexpressobr.com.br\/index.php?rest_route=%2Fwp%2Fv2%2Ftags&post=4130"}],"curies":[{"name":"wp","href":"https:\/\/api.w.org\/{rel}","templated":true}]}}