{"id":414,"date":"2025-12-08T07:22:56","date_gmt":"2025-12-08T10:22:56","guid":{"rendered":"https:\/\/oexpressobr.com.br\/?p=414"},"modified":"2025-12-08T07:22:57","modified_gmt":"2025-12-08T10:22:57","slug":"flavio-bolsonaro-anuncia-candidatura-a-presidencia-pelo-pl-com-bencao-do-pai-jair-bolsonaro","status":"publish","type":"post","link":"https:\/\/oexpressobr.com.br\/?p=414","title":{"rendered":"Fl\u00e1vio Bolsonaro Anuncia Candidatura \u00e0 Presid\u00eancia Pelo PL com Ben\u00e7\u00e3o do Pai, Jair Bolsonaro"},"content":{"rendered":"\n<p class=\"wp-block-paragraph\"><strong>Senador Fl\u00e1vio Bolsonaro (PL-RJ) confirma nas redes sociais que foi o escolhido pelo ex-presidente para ser o candidato do partido ao Pal\u00e1cio do Planalto em 2026, gerando rea\u00e7\u00f5es diversas na pol\u00edtica nacional.<\/strong><\/p>\n\n\n\n<p class=\"wp-block-paragraph\">\u200bO cen\u00e1rio eleitoral para 2026 ganhou um novo e controverso protagonista na \u00faltima sexta-feira (5\/12). O senador Fl\u00e1vio Bolsonaro, primog\u00eanito do ex-presidente Jair Bolsonaro, utilizou suas redes sociais para anunciar que foi o nome escolhido pelo pai para concorrer \u00e0 Presid\u00eancia da Rep\u00fablica pelo Partido Liberal (PL). O comunicado vem em um momento de fragilidade para a direita, com o ex-presidente ineleg\u00edvel e preso, condenado por tentativa de golpe de Estado, cumprindo pena na Superintend\u00eancia da Pol\u00edcia Federal em Bras\u00edlia.<\/p>\n\n\n\n<p class=\"wp-block-paragraph\">\u200bA decis\u00e3o, que teria sido consolidada ap\u00f3s um encontro entre pai e filho na pris\u00e3o, posiciona Fl\u00e1vio Bolsonaro, de 44 anos, como o principal representante da extrema-direita na corrida presidencial. A postagem do senador indicou que ele n\u00e3o se conformar\u00e1 em ver o pa\u00eds em um &#8220;tempo de instabilidade, inseguran\u00e7a e des\u00e2nimo&#8221;, assumindo a miss\u00e3o para a qual, segundo ele, foi designado.<\/p>\n\n\n\n<h3 class=\"wp-block-heading\">\u200bRea\u00e7\u00f5es e Consequ\u00eancias Imediatas<\/h3>\n\n\n\n<p class=\"wp-block-paragraph\">\u200bO an\u00fancio causou um imediato endosso por parte de l\u00edderes do PL, como o presidente nacional da sigla, Valdemar Costa Neto, que afirmou: &#8220;<strong>Bolsonaro falou, est\u00e1 falado<\/strong>&#8220;. A ex-primeira-dama Michelle Bolsonaro tamb\u00e9m se manifestou, pedindo que Deus aben\u00e7oe Fl\u00e1vio na &#8220;nova miss\u00e3o&#8221;. Eduardo Bolsonaro (PL-SP), irm\u00e3o de Fl\u00e1vio, clamou por uni\u00e3o na direita, afirmando que o irm\u00e3o erguer\u00e1 a bandeira dos ideais do pai, cuja escolha foi &#8220;arrancada&#8221; das m\u00e3os da popula\u00e7\u00e3o.<\/p>\n\n\n\n<p class=\"wp-block-paragraph\">\u200bNo entanto, a candidatura de Fl\u00e1vio \u00e9 vista com cautela e at\u00e9 resist\u00eancia em outras esferas.<\/p>\n\n\n\n<ul class=\"wp-block-list\">\n<li>\u200b<strong>Centro-Direita e Governadores:<\/strong> Nomes cotados para disputar a elei\u00e7\u00e3o, como os governadores Tarc\u00edsio de Freitas (Republicanos-SP), Ratinho Junior (PSD-PR) e Ronaldo Caiado (Uni\u00e3o Brasil-GO), sinalizaram que mant\u00eam suas articula\u00e7\u00f5es e planos. Ratinho Junior, por exemplo, mencionou a possibilidade de construir uma alian\u00e7a, citando Fl\u00e1vio.<\/li>\n\n\n\n<li>\u200b<strong>Avalia\u00e7\u00e3o Pol\u00edtica:<\/strong> Analistas pol\u00edticos sugerem que o movimento pode funcionar como um &#8220;teste&#8221; para medir a receptividade de Fl\u00e1vio na direita e que a crise interna do bolsonarismo teria acelerado essa escolha.<\/li>\n\n\n\n<li>\u200b<strong>Pesquisas Eleitorais:<\/strong> O potencial de Fl\u00e1vio \u00e9 questionado em pesquisas. Levantamento recente do Datafolha aponta que o senador perderia para o atual presidente, Luiz In\u00e1cio Lula da Silva, por uma margem consider\u00e1vel em um cen\u00e1rio de segundo turno. A &#8220;toxicidade do sobrenome Bolsonaro nas op\u00e7\u00f5es para a rodada final&#8221; \u00e9 um fator observado.<\/li>\n<\/ul>\n\n\n\n<h3 class=\"wp-block-heading\">\u200bO &#8220;Pre\u00e7o&#8221; da Desist\u00eancia<\/h3>\n\n\n\n<p class=\"wp-block-paragraph\">\u200bDois dias ap\u00f3s o an\u00fancio, Fl\u00e1vio Bolsonaro j\u00e1 admitiu a possibilidade de n\u00e3o levar a candidatura at\u00e9 o fim, mas deixou claro que haver\u00e1 um &#8220;<strong>pre\u00e7o para isso<\/strong>&#8220;, afirmando que ir\u00e1 negociar. Em declara\u00e7\u00e3o, ele sugeriu que o valor para a sua desist\u00eancia seria ver o pai &#8220;<strong>livre, nas urnas<\/strong>&#8220;. Questionado sobre a possibilidade de negocia\u00e7\u00e3o estar ligada \u00e0 vota\u00e7\u00e3o de uma anistia para os envolvidos nos atos de 8 de janeiro, o senador respondeu ironicamente com um &#8220;T\u00e1 quente, t\u00e1 quente&#8221;, sem estender o assunto.<\/p>\n\n\n\n<p class=\"wp-block-paragraph\">\u200bA pr\u00e9-candidatura de Fl\u00e1vio, assim, ganha ares de <strong>bal\u00e3o de ensaio<\/strong> e pode estar ligada a uma estrat\u00e9gia de barganha pol\u00edtica, com o objetivo de pressionar pela liberta\u00e7\u00e3o ou perd\u00e3o judicial de Jair Bolsonaro. Fontes do PL indicam que Fl\u00e1vio teria at\u00e9 abril de 2026 para &#8220;decolar nas pesquisas&#8221;, caso contr\u00e1rio, a competitividade do bolsonarismo estaria amea\u00e7ada.<\/p>\n\n\n\n<p class=\"wp-block-paragraph\">\u200bO campo lulista, por sua vez, j\u00e1 se mobiliza para aproveitar a pr\u00e9-candidatura, vista como uma potencial vantagem eleitoral para o PT, e planeja avan\u00e7ar sobre partidos do Centro.<\/p>\n","protected":false},"excerpt":{"rendered":"<p>Senador Fl\u00e1vio Bolsonaro (PL-RJ) confirma nas redes sociais que foi o escolhido pelo ex-presidente para ser o candidato do partido ao Pal\u00e1cio do Planalto em [&#8230;]<\/p>\n","protected":false},"author":1,"featured_media":415,"comment_status":"open","ping_status":"open","sticky":false,"template":"","format":"standard","meta":{"_crdt_document":"","_jetpack_memberships_contains_paid_content":false,"footnotes":"","jetpack_publicize_message":"","jetpack_publicize_feature_enabled":true,"jetpack_social_post_already_shared":false,"jetpack_social_options":{"image_generator_settings":{"template":"highway","default_image_id":0,"font":"","enabled":false},"version":2}},"categories":[7],"tags":[],"class_list":["post-414","post","type-post","status-publish","format-standard","has-post-thumbnail","hentry","category-politica"],"jetpack_publicize_connections":[],"jetpack_featured_media_url":"https:\/\/i0.wp.com\/oexpressobr.com.br\/wp-content\/uploads\/2025\/12\/IMG-20251208-WA0049.jpg?fit=1000%2C667&ssl=1","jetpack_likes_enabled":true,"jetpack_sharing_enabled":true,"_links":{"self":[{"href":"https:\/\/oexpressobr.com.br\/index.php?rest_route=\/wp\/v2\/posts\/414","targetHints":{"allow":["GET"]}}],"collection":[{"href":"https:\/\/oexpressobr.com.br\/index.php?rest_route=\/wp\/v2\/posts"}],"about":[{"href":"https:\/\/oexpressobr.com.br\/index.php?rest_route=\/wp\/v2\/types\/post"}],"author":[{"embeddable":true,"href":"https:\/\/oexpressobr.com.br\/index.php?rest_route=\/wp\/v2\/users\/1"}],"replies":[{"embeddable":true,"href":"https:\/\/oexpressobr.com.br\/index.php?rest_route=%2Fwp%2Fv2%2Fcomments&post=414"}],"version-history":[{"count":0,"href":"https:\/\/oexpressobr.com.br\/index.php?rest_route=\/wp\/v2\/posts\/414\/revisions"}],"wp:featuredmedia":[{"embeddable":true,"href":"https:\/\/oexpressobr.com.br\/index.php?rest_route=\/wp\/v2\/media\/415"}],"wp:attachment":[{"href":"https:\/\/oexpressobr.com.br\/index.php?rest_route=%2Fwp%2Fv2%2Fmedia&parent=414"}],"wp:term":[{"taxonomy":"category","embeddable":true,"href":"https:\/\/oexpressobr.com.br\/index.php?rest_route=%2Fwp%2Fv2%2Fcategories&post=414"},{"taxonomy":"post_tag","embeddable":true,"href":"https:\/\/oexpressobr.com.br\/index.php?rest_route=%2Fwp%2Fv2%2Ftags&post=414"}],"curies":[{"name":"wp","href":"https:\/\/api.w.org\/{rel}","templated":true}]}}