{"id":4140,"date":"2026-02-19T05:22:21","date_gmt":"2026-02-19T08:22:21","guid":{"rendered":"https:\/\/oexpressobr.com.br\/?p=4140"},"modified":"2026-02-19T05:22:22","modified_gmt":"2026-02-19T08:22:22","slug":"coutinho-pede-rescisao-e-encerra-segunda-passagem-pelo-vasco-alegando-cansaco-mental","status":"publish","type":"post","link":"https:\/\/oexpressobr.com.br\/?p=4140","title":{"rendered":"Coutinho pede rescis\u00e3o e encerra segunda passagem pelo Vasco alegando cansa\u00e7o mental"},"content":{"rendered":"\n<p class=\"wp-block-paragraph\">\u200bO retorno rom\u00e2ntico de um &#8220;Cria da Barreira&#8221; chegou a um fim abrupto e melanc\u00f3lico. O meia <strong>Philippe Coutinho<\/strong> solicitou formalmente a rescis\u00e3o de seu contrato com o <strong>Vasco da Gama<\/strong>, interrompendo uma trajet\u00f3ria que, embora cercada de expectativas, terminou sob o peso de cr\u00edticas severas e um desgaste emocional evidente.<\/p>\n\n\n\n<p class=\"wp-block-paragraph\">\u200bO jogador comunicou \u00e0 diretoria cruzmaltina que n\u00e3o possui mais condi\u00e7\u00f5es psicol\u00f3gicas de seguir no projeto, declarando estar <strong>&#8220;muito cansado mentalmente&#8221;<\/strong>. O clima entre o atleta e as arquibancadas vinha se deteriorando nas \u00faltimas rodadas, com vaias e xingamentos tornando-se frequentes diante da instabilidade t\u00e9cnica da equipe e das dificuldades f\u00edsicas do camisa 11 em manter uma sequ\u00eancia de jogos.<\/p>\n\n\n\n<h3 class=\"wp-block-heading\">\u200bOs n\u00fameros da despedida<\/h3>\n\n\n\n<p class=\"wp-block-paragraph\">\u200bApesar do encerramento precoce, o hist\u00f3rico de Coutinho com a camisa vasca\u00edna soma duas passagens distintas (a primeira antes da ida para a Europa e este retorno em 2024). Os n\u00fameros finais do meia pelo clube s\u00e3o:<\/p>\n\n\n\n<ul class=\"wp-block-list\">\n<li>\u200b<strong>Jogos:<\/strong> 81<\/li>\n\n\n\n<li>\u200b<strong>Gols:<\/strong> 17<\/li>\n\n\n\n<li>\u200b<strong>Assist\u00eancias:<\/strong> 07<\/li>\n<\/ul>\n\n\n\n<h3 class=\"wp-block-heading\">\u200bO peso da press\u00e3o externa<\/h3>\n\n\n\n<p class=\"wp-block-paragraph\">\u200bO desembarque de Coutinho no Rio de Janeiro foi tratado como o grande movimento do Vasco no mercado para retomar o protagonismo nacional. No entanto, o desempenho irregular do time e as les\u00f5es que limitaram a minutagem do craque transformaram a esperan\u00e7a em frustra\u00e7\u00e3o.<\/p>\n\n\n\n<p class=\"wp-block-paragraph\">\u200bFontes internas indicam que o atleta sentiu profundamente a hostilidade de parte da torcida, o que culminou no pedido de sa\u00edda. A diretoria agora trabalha nos tr\u00e2mites burocr\u00e1ticos para oficializar o distrato, enquanto busca no mercado nomes que possam preencher a lacuna t\u00e9cnica e de lideran\u00e7a deixada pelo jogador.<\/p>\n\n\n\n<p class=\"wp-block-paragraph\"><\/p>\n","protected":false},"excerpt":{"rendered":"<p>\u200bO retorno rom\u00e2ntico de um &#8220;Cria da Barreira&#8221; chegou a um fim abrupto e melanc\u00f3lico. O meia Philippe Coutinho solicitou formalmente a rescis\u00e3o de seu [&#8230;]<\/p>\n","protected":false},"author":1,"featured_media":4141,"comment_status":"open","ping_status":"open","sticky":false,"template":"","format":"standard","meta":{"_crdt_document":"","_jetpack_memberships_contains_paid_content":false,"footnotes":"","jetpack_publicize_message":"","jetpack_publicize_feature_enabled":true,"jetpack_social_post_already_shared":true,"jetpack_social_options":{"image_generator_settings":{"template":"highway","default_image_id":0,"font":"","enabled":false},"version":2}},"categories":[12],"tags":[],"class_list":["post-4140","post","type-post","status-publish","format-standard","has-post-thumbnail","hentry","category-esporte"],"jetpack_publicize_connections":[],"jetpack_featured_media_url":"https:\/\/i0.wp.com\/oexpressobr.com.br\/wp-content\/uploads\/2026\/02\/IMG-20260219-WA0029.jpg?fit=1600%2C1078&ssl=1","jetpack_likes_enabled":true,"jetpack_sharing_enabled":true,"_links":{"self":[{"href":"https:\/\/oexpressobr.com.br\/index.php?rest_route=\/wp\/v2\/posts\/4140","targetHints":{"allow":["GET"]}}],"collection":[{"href":"https:\/\/oexpressobr.com.br\/index.php?rest_route=\/wp\/v2\/posts"}],"about":[{"href":"https:\/\/oexpressobr.com.br\/index.php?rest_route=\/wp\/v2\/types\/post"}],"author":[{"embeddable":true,"href":"https:\/\/oexpressobr.com.br\/index.php?rest_route=\/wp\/v2\/users\/1"}],"replies":[{"embeddable":true,"href":"https:\/\/oexpressobr.com.br\/index.php?rest_route=%2Fwp%2Fv2%2Fcomments&post=4140"}],"version-history":[{"count":1,"href":"https:\/\/oexpressobr.com.br\/index.php?rest_route=\/wp\/v2\/posts\/4140\/revisions"}],"predecessor-version":[{"id":4142,"href":"https:\/\/oexpressobr.com.br\/index.php?rest_route=\/wp\/v2\/posts\/4140\/revisions\/4142"}],"wp:featuredmedia":[{"embeddable":true,"href":"https:\/\/oexpressobr.com.br\/index.php?rest_route=\/wp\/v2\/media\/4141"}],"wp:attachment":[{"href":"https:\/\/oexpressobr.com.br\/index.php?rest_route=%2Fwp%2Fv2%2Fmedia&parent=4140"}],"wp:term":[{"taxonomy":"category","embeddable":true,"href":"https:\/\/oexpressobr.com.br\/index.php?rest_route=%2Fwp%2Fv2%2Fcategories&post=4140"},{"taxonomy":"post_tag","embeddable":true,"href":"https:\/\/oexpressobr.com.br\/index.php?rest_route=%2Fwp%2Fv2%2Ftags&post=4140"}],"curies":[{"name":"wp","href":"https:\/\/api.w.org\/{rel}","templated":true}]}}