{"id":4143,"date":"2026-02-19T05:30:30","date_gmt":"2026-02-19T08:30:30","guid":{"rendered":"https:\/\/oexpressobr.com.br\/?p=4143"},"modified":"2026-02-19T05:30:31","modified_gmt":"2026-02-19T08:30:31","slug":"ratinho-junior-assina-decreto-que-fixa-18-datas-de-folga-no-parana","status":"publish","type":"post","link":"https:\/\/oexpressobr.com.br\/?p=4143","title":{"rendered":"Ratinho J\u00fanior assina decreto que fixa 18 datas de folga no Paran\u00e1"},"content":{"rendered":"\n<p class=\"wp-block-paragraph\">O governador Carlos Massa Ratinho J\u00fanior oficializou o cronograma de feriados e pontos facultativos que reger\u00e3o o funcionamento dos \u00f3rg\u00e3os p\u00fablicos estaduais ao longo de 2026. O decreto n\u00ba 12.134\/2025 estabelece um total de <strong>18 datas especiais<\/strong>, combinando celebra\u00e7\u00f5es nacionais, recessos administrativos e per\u00edodos de descanso escolar.<\/p>\n\n\n\n<p class=\"wp-block-paragraph\">\u200bA medida visa proporcionar previsibilidade para o setor produtivo e planejamento para as fam\u00edlias paranaenses. O calend\u00e1rio de 2026 destaca-se por apresentar um n\u00famero elevado de feriados &#8220;prolong\u00e1veis&#8221;, com cinco datas caindo em segundas ou sextas-feiras, al\u00e9m de tradicionais per\u00edodos de ponto facultativo que favorecem o turismo interno.<\/p>\n\n\n\n<h3 class=\"wp-block-heading\">\u200bPrincipais destaques do calend\u00e1rio oficial<\/h3>\n\n\n\n<p class=\"wp-block-paragraph\">\u200bDe acordo com o documento assinado pelo Executivo e informa\u00e7\u00f5es da Casa Civil, o cronograma inclui:<\/p>\n\n\n\n<ul class=\"wp-block-list\">\n<li>\u200b<strong>Feriados Nacionais e Pontos Facultativos:<\/strong> A lista engloba desde a Confraterniza\u00e7\u00e3o Universal at\u00e9 o Natal, incluindo o Dia Nacional de Zumbi e da Consci\u00eancia Negra (20 de novembro), que agora integra o calend\u00e1rio nacional.<\/li>\n\n\n\n<li>\u200b<strong>Recessos Administrativos:<\/strong> Est\u00e3o previstos per\u00edodos de recesso em janeiro e uma pausa estendida entre 21 e 31 de dezembro para o funcionalismo p\u00fablico.<\/li>\n\n\n\n<li>\u200b<strong>Educa\u00e7\u00e3o:<\/strong> O calend\u00e1rio escolar da Secretaria de Estado da Educa\u00e7\u00e3o (SEED) j\u00e1 prev\u00ea os dias de estudo e planejamento, al\u00e9m do recesso de julho para os estudantes, programado para ocorrer entre os dias 13 e 24.<\/li>\n<\/ul>\n\n\n\n<p class=\"wp-block-paragraph\"><\/p>\n","protected":false},"excerpt":{"rendered":"<p>O governador Carlos Massa Ratinho J\u00fanior oficializou o cronograma de feriados e pontos facultativos que reger\u00e3o o funcionamento dos \u00f3rg\u00e3os p\u00fablicos estaduais ao longo de [&#8230;]<\/p>\n","protected":false},"author":1,"featured_media":4144,"comment_status":"open","ping_status":"open","sticky":false,"template":"","format":"standard","meta":{"_crdt_document":"","_jetpack_memberships_contains_paid_content":false,"footnotes":"","jetpack_publicize_message":"","jetpack_publicize_feature_enabled":true,"jetpack_social_post_already_shared":true,"jetpack_social_options":{"image_generator_settings":{"template":"highway","default_image_id":0,"font":"","enabled":false},"version":2}},"categories":[5],"tags":[],"class_list":["post-4143","post","type-post","status-publish","format-standard","has-post-thumbnail","hentry","category-parana"],"jetpack_publicize_connections":[],"jetpack_featured_media_url":"https:\/\/i0.wp.com\/oexpressobr.com.br\/wp-content\/uploads\/2026\/02\/captura-de-tela-2025-01-22-123643.jpeg?fit=984%2C607&ssl=1","jetpack_likes_enabled":true,"jetpack_sharing_enabled":true,"_links":{"self":[{"href":"https:\/\/oexpressobr.com.br\/index.php?rest_route=\/wp\/v2\/posts\/4143","targetHints":{"allow":["GET"]}}],"collection":[{"href":"https:\/\/oexpressobr.com.br\/index.php?rest_route=\/wp\/v2\/posts"}],"about":[{"href":"https:\/\/oexpressobr.com.br\/index.php?rest_route=\/wp\/v2\/types\/post"}],"author":[{"embeddable":true,"href":"https:\/\/oexpressobr.com.br\/index.php?rest_route=\/wp\/v2\/users\/1"}],"replies":[{"embeddable":true,"href":"https:\/\/oexpressobr.com.br\/index.php?rest_route=%2Fwp%2Fv2%2Fcomments&post=4143"}],"version-history":[{"count":1,"href":"https:\/\/oexpressobr.com.br\/index.php?rest_route=\/wp\/v2\/posts\/4143\/revisions"}],"predecessor-version":[{"id":4145,"href":"https:\/\/oexpressobr.com.br\/index.php?rest_route=\/wp\/v2\/posts\/4143\/revisions\/4145"}],"wp:featuredmedia":[{"embeddable":true,"href":"https:\/\/oexpressobr.com.br\/index.php?rest_route=\/wp\/v2\/media\/4144"}],"wp:attachment":[{"href":"https:\/\/oexpressobr.com.br\/index.php?rest_route=%2Fwp%2Fv2%2Fmedia&parent=4143"}],"wp:term":[{"taxonomy":"category","embeddable":true,"href":"https:\/\/oexpressobr.com.br\/index.php?rest_route=%2Fwp%2Fv2%2Fcategories&post=4143"},{"taxonomy":"post_tag","embeddable":true,"href":"https:\/\/oexpressobr.com.br\/index.php?rest_route=%2Fwp%2Fv2%2Ftags&post=4143"}],"curies":[{"name":"wp","href":"https:\/\/api.w.org\/{rel}","templated":true}]}}