{"id":4149,"date":"2026-02-19T05:56:12","date_gmt":"2026-02-19T08:56:12","guid":{"rendered":"https:\/\/oexpressobr.com.br\/?p=4149"},"modified":"2026-02-19T05:56:13","modified_gmt":"2026-02-19T08:56:13","slug":"mpox-em-porto-alegre-e-sao-paulo-acende-alerta-sanitario-no-brasil-apos-o-carnaval","status":"publish","type":"post","link":"https:\/\/oexpressobr.com.br\/?p=4149","title":{"rendered":"Mpox em Porto Alegre e S\u00e3o Paulo acende alerta sanit\u00e1rio no Brasil ap\u00f3s o Carnaval"},"content":{"rendered":"\n<p class=\"wp-block-paragraph\">A Secretaria Municipal de Sa\u00fade de Porto Alegre confirmou, nesta semana de fevereiro de 2026, o primeiro caso de Mpox na capital ga\u00facha no ano. O an\u00fancio ocorre em um momento de vigil\u00e2ncia redobrada, ap\u00f3s o estado de S\u00e3o Paulo registrar 43 casos apenas em janeiro, distribu\u00eddos por cidades como Campinas, Santos, Ribeir\u00e3o Preto, S\u00e3o Jos\u00e9 do Rio Preto e a capital paulista.<\/p>\n\n\n\n<p class=\"wp-block-paragraph\">\u200bDe acordo com a Vigil\u00e2ncia Epidemiol\u00f3gica de Porto Alegre, o paciente diagnosticado \u00e9 residente da cidade, mas a infec\u00e7\u00e3o ocorreu fora do Rio Grande do Sul. Embora o cen\u00e1rio atual, segundo especialistas, n\u00e3o configure uma nova emerg\u00eancia sanit\u00e1ria de larga escala, o registro logo ap\u00f3s as festividades de Carnaval preocupa as autoridades devido ao potencial de transmiss\u00e3o em eventos com grandes aglomera\u00e7\u00f5es.<\/p>\n\n\n\n<p class=\"wp-block-paragraph\">\u200b<strong>Contexto epidemiol\u00f3gico e novas variantes<\/strong><\/p>\n\n\n\n<p class=\"wp-block-paragraph\">O Brasil monitora com aten\u00e7\u00e3o a circula\u00e7\u00e3o do v\u00edrus desde que a Organiza\u00e7\u00e3o Mundial da Sa\u00fade (OMS) elevou o n\u00edvel de alerta global em 2024. Em 2025, Porto Alegre contabilizou 11 casos da doen\u00e7a. No cen\u00e1rio nacional, o Minist\u00e9rio da Sa\u00fade tem intensificado a vigil\u00e2ncia laboratorial para identificar a presen\u00e7a de diferentes cepas, incluindo o clado Ib, que causou surtos significativos no continente africano e j\u00e1 teve casos isolados identificados em territ\u00f3rio brasileiro anteriormente.<\/p>\n\n\n\n<p class=\"wp-block-paragraph\">\u200bEspecialistas refor\u00e7am que, embora a maioria dos quadros cl\u00ednicos seja de evolu\u00e7\u00e3o favor\u00e1vel e autolimitada, a preven\u00e7\u00e3o continua sendo o melhor caminho.<\/p>\n\n\n\n<p class=\"wp-block-paragraph\">\u200b<strong>Orienta\u00e7\u00f5es e preven\u00e7\u00e3o<\/strong><\/p>\n\n\n\n<p class=\"wp-block-paragraph\">A transmiss\u00e3o da Mpox ocorre principalmente por meio do contato direto com les\u00f5es na pele, secre\u00e7\u00f5es respirat\u00f3rias, saliva ou objetos contaminados, como toalhas e roupas de cama. Os principais sintomas incluem:<\/p>\n\n\n\n<ul class=\"wp-block-list\">\n<li>\u200bFebre e dor de cabe\u00e7a;<\/li>\n\n\n\n<li>\u200bDores musculares e fraqueza;<\/li>\n\n\n\n<li>\u200bAumento dos linfonodos (\u00ednguas);<\/li>\n\n\n\n<li>\u200bErup\u00e7\u00f5es cut\u00e2neas que evoluem para crostas.<\/li>\n<\/ul>\n\n\n\n<p class=\"wp-block-paragraph\">\u200bAs autoridades recomendam que qualquer pessoa que apresente les\u00f5es suspeitas ou sintomas compat\u00edveis procure imediatamente uma unidade b\u00e1sica de sa\u00fade e mantenha o isolamento at\u00e9 a avalia\u00e7\u00e3o m\u00e9dica. Durante o per\u00edodo de recupera\u00e7\u00e3o, que pode durar de duas a quatro semanas, \u00e9 fundamental evitar o contato \u00edntimo e o compartilhamento de objetos pessoais para interromper a cadeia de transmiss\u00e3o.<\/p>\n","protected":false},"excerpt":{"rendered":"<p>A Secretaria Municipal de Sa\u00fade de Porto Alegre confirmou, nesta semana de fevereiro de 2026, o primeiro caso de Mpox na capital ga\u00facha no ano. [&#8230;]<\/p>\n","protected":false},"author":1,"featured_media":4150,"comment_status":"open","ping_status":"open","sticky":false,"template":"","format":"standard","meta":{"_crdt_document":"","_jetpack_memberships_contains_paid_content":false,"footnotes":"","jetpack_publicize_message":"","jetpack_publicize_feature_enabled":true,"jetpack_social_post_already_shared":true,"jetpack_social_options":{"image_generator_settings":{"template":"highway","default_image_id":0,"font":"","enabled":false},"version":2}},"categories":[18],"tags":[],"class_list":["post-4149","post","type-post","status-publish","format-standard","has-post-thumbnail","hentry","category-saude"],"jetpack_publicize_connections":[],"jetpack_featured_media_url":"https:\/\/i0.wp.com\/oexpressobr.com.br\/wp-content\/uploads\/2026\/02\/IMG-20260219-WA0055.jpg?fit=800%2C1000&ssl=1","jetpack_likes_enabled":true,"jetpack_sharing_enabled":true,"_links":{"self":[{"href":"https:\/\/oexpressobr.com.br\/index.php?rest_route=\/wp\/v2\/posts\/4149","targetHints":{"allow":["GET"]}}],"collection":[{"href":"https:\/\/oexpressobr.com.br\/index.php?rest_route=\/wp\/v2\/posts"}],"about":[{"href":"https:\/\/oexpressobr.com.br\/index.php?rest_route=\/wp\/v2\/types\/post"}],"author":[{"embeddable":true,"href":"https:\/\/oexpressobr.com.br\/index.php?rest_route=\/wp\/v2\/users\/1"}],"replies":[{"embeddable":true,"href":"https:\/\/oexpressobr.com.br\/index.php?rest_route=%2Fwp%2Fv2%2Fcomments&post=4149"}],"version-history":[{"count":1,"href":"https:\/\/oexpressobr.com.br\/index.php?rest_route=\/wp\/v2\/posts\/4149\/revisions"}],"predecessor-version":[{"id":4151,"href":"https:\/\/oexpressobr.com.br\/index.php?rest_route=\/wp\/v2\/posts\/4149\/revisions\/4151"}],"wp:featuredmedia":[{"embeddable":true,"href":"https:\/\/oexpressobr.com.br\/index.php?rest_route=\/wp\/v2\/media\/4150"}],"wp:attachment":[{"href":"https:\/\/oexpressobr.com.br\/index.php?rest_route=%2Fwp%2Fv2%2Fmedia&parent=4149"}],"wp:term":[{"taxonomy":"category","embeddable":true,"href":"https:\/\/oexpressobr.com.br\/index.php?rest_route=%2Fwp%2Fv2%2Fcategories&post=4149"},{"taxonomy":"post_tag","embeddable":true,"href":"https:\/\/oexpressobr.com.br\/index.php?rest_route=%2Fwp%2Fv2%2Ftags&post=4149"}],"curies":[{"name":"wp","href":"https:\/\/api.w.org\/{rel}","templated":true}]}}