{"id":4155,"date":"2026-02-19T06:10:32","date_gmt":"2026-02-19T09:10:32","guid":{"rendered":"https:\/\/oexpressobr.com.br\/?p=4155"},"modified":"2026-02-19T06:10:35","modified_gmt":"2026-02-19T09:10:35","slug":"academicos-de-niteroi-e-rebaixada-apos-homenagear-lula-na-sapucai","status":"publish","type":"post","link":"https:\/\/oexpressobr.com.br\/?p=4155","title":{"rendered":"Acad\u00eamicos de Niter\u00f3i \u00e9 rebaixada ap\u00f3s homenagear Lula na Sapuca\u00ed"},"content":{"rendered":"\n<p class=\"wp-block-paragraph\">A apura\u00e7\u00e3o das notas do Carnaval do Rio de Janeiro, realizada nesta quarta-feira (18), selou o destino da <strong>Acad\u00eamicos de Niter\u00f3i<\/strong>. A agremia\u00e7\u00e3o, que abriu os desfiles do Grupo Especial no domingo (15), n\u00e3o conseguiu sustentar a pontua\u00e7\u00e3o necess\u00e1ria para permanecer na elite e retornar\u00e1 \u00e0 <strong>S\u00e9rie Ouro<\/strong> em 2027.<\/p>\n\n\n\n<h3 class=\"wp-block-heading\">\u200bO enredo e a passagem pela avenida<\/h3>\n\n\n\n<p class=\"wp-block-paragraph\">\u200bCom o enredo <strong>&#8220;Do Alto do Mulungu surge a esperan\u00e7a: Lula, o oper\u00e1rio do Brasil&#8221;<\/strong>, a escola apostou em uma tem\u00e1tica biogr\u00e1fica e pol\u00edtica, narrando a trajet\u00f3ria do atual presidente desde suas origens no Nordeste at\u00e9 a chegada ao Pal\u00e1cio do Planalto. Apesar do apelo popular e da tem\u00e1tica forte, a escola enfrentou problemas t\u00e9cnicos que pesaram na avalia\u00e7\u00e3o dos jurados.<\/p>\n\n\n\n<h3 class=\"wp-block-heading\">\u200bPontos determinantes para o rebaixamento<\/h3>\n\n\n\n<p class=\"wp-block-paragraph\">\u200bDe acordo com as justificativas preliminares e o acompanhamento do desfile, alguns fatores foram cruciais para a queda:<\/p>\n\n\n\n<ul class=\"wp-block-list\">\n<li>\u200b<strong>Evolu\u00e7\u00e3o e Harmonia:<\/strong> Como primeira escola a desfilar, a agremia\u00e7\u00e3o enfrentou dificuldades de ritmo, apresentando buracos em determinados setores da avenida.<\/li>\n\n\n\n<li>\u200b<strong>Acabamento de Alegorias:<\/strong> Cr\u00edticos apontaram que, comparada \u00e0s gigantes do grupo, a escola de Niter\u00f3i apresentou acabamentos mais simples, o que refletiu em notas baixas nos quesitos pl\u00e1sticos.<\/li>\n\n\n\n<li>\u200b<strong>Penalidades:<\/strong> A escola tamb\u00e9m perdeu d\u00e9cimos preciosos em crit\u00e9rios administrativos e de tempo, o que em uma apura\u00e7\u00e3o acirrada torna-se irrecuper\u00e1vel.<\/li>\n<\/ul>\n\n\n\n<h3 class=\"wp-block-heading\">\u200bO clima na apura\u00e7\u00e3o<\/h3>\n\n\n\n<p class=\"wp-block-paragraph\">\u200bA leitura das notas na Pra\u00e7a da Apoteose foi marcada por tens\u00e3o. Representantes da Acad\u00eamicos de Niter\u00f3i lamentaram o resultado, defendendo que a mensagem do enredo foi entregue com garra pela comunidade. Agora, a escola inicia um processo de reestrutura\u00e7\u00e3o para buscar o t\u00edtulo da S\u00e9rie Ouro no pr\u00f3ximo ano e garantir o acesso imediato.<\/p>\n\n\n\n<blockquote class=\"wp-block-quote is-layout-flow wp-block-quote-is-layout-flow\">\n<p class=\"wp-block-paragraph\">\u200b&#8221;Fizemos um desfile digno e com o cora\u00e7\u00e3o, mas o regulamento do Grupo Especial \u00e9 rigoroso. Vamos voltar para Niter\u00f3i, abra\u00e7ar nossa comunidade e trabalhar dobrado para retornar ao nosso lugar de direito&#8221;, afirmou um diretor da escola logo ap\u00f3s o resultado.<\/p>\n<\/blockquote>\n","protected":false},"excerpt":{"rendered":"<p>A apura\u00e7\u00e3o das notas do Carnaval do Rio de Janeiro, realizada nesta quarta-feira (18), selou o destino da Acad\u00eamicos de Niter\u00f3i. A agremia\u00e7\u00e3o, que abriu [&#8230;]<\/p>\n","protected":false},"author":1,"featured_media":4156,"comment_status":"open","ping_status":"open","sticky":false,"template":"","format":"standard","meta":{"_crdt_document":"","_jetpack_memberships_contains_paid_content":false,"footnotes":"","jetpack_publicize_message":"","jetpack_publicize_feature_enabled":true,"jetpack_social_post_already_shared":true,"jetpack_social_options":{"image_generator_settings":{"template":"highway","default_image_id":0,"font":"","enabled":false},"version":2}},"categories":[3],"tags":[],"class_list":["post-4155","post","type-post","status-publish","format-standard","has-post-thumbnail","hentry","category-brasil"],"jetpack_publicize_connections":[],"jetpack_featured_media_url":"https:\/\/i0.wp.com\/oexpressobr.com.br\/wp-content\/uploads\/2026\/02\/IMG-20260219-WA0059.jpg?fit=1080%2C1350&ssl=1","jetpack_likes_enabled":true,"jetpack_sharing_enabled":true,"_links":{"self":[{"href":"https:\/\/oexpressobr.com.br\/index.php?rest_route=\/wp\/v2\/posts\/4155","targetHints":{"allow":["GET"]}}],"collection":[{"href":"https:\/\/oexpressobr.com.br\/index.php?rest_route=\/wp\/v2\/posts"}],"about":[{"href":"https:\/\/oexpressobr.com.br\/index.php?rest_route=\/wp\/v2\/types\/post"}],"author":[{"embeddable":true,"href":"https:\/\/oexpressobr.com.br\/index.php?rest_route=\/wp\/v2\/users\/1"}],"replies":[{"embeddable":true,"href":"https:\/\/oexpressobr.com.br\/index.php?rest_route=%2Fwp%2Fv2%2Fcomments&post=4155"}],"version-history":[{"count":1,"href":"https:\/\/oexpressobr.com.br\/index.php?rest_route=\/wp\/v2\/posts\/4155\/revisions"}],"predecessor-version":[{"id":4157,"href":"https:\/\/oexpressobr.com.br\/index.php?rest_route=\/wp\/v2\/posts\/4155\/revisions\/4157"}],"wp:featuredmedia":[{"embeddable":true,"href":"https:\/\/oexpressobr.com.br\/index.php?rest_route=\/wp\/v2\/media\/4156"}],"wp:attachment":[{"href":"https:\/\/oexpressobr.com.br\/index.php?rest_route=%2Fwp%2Fv2%2Fmedia&parent=4155"}],"wp:term":[{"taxonomy":"category","embeddable":true,"href":"https:\/\/oexpressobr.com.br\/index.php?rest_route=%2Fwp%2Fv2%2Fcategories&post=4155"},{"taxonomy":"post_tag","embeddable":true,"href":"https:\/\/oexpressobr.com.br\/index.php?rest_route=%2Fwp%2Fv2%2Ftags&post=4155"}],"curies":[{"name":"wp","href":"https:\/\/api.w.org\/{rel}","templated":true}]}}