{"id":4158,"date":"2026-02-19T06:16:14","date_gmt":"2026-02-19T09:16:14","guid":{"rendered":"https:\/\/oexpressobr.com.br\/?p=4158"},"modified":"2026-02-19T06:16:16","modified_gmt":"2026-02-19T09:16:16","slug":"nikolas-ferreira-e-a-geracao-z-como-a-oposicao-digital-pauta-o-debate-politico-em-2026","status":"publish","type":"post","link":"https:\/\/oexpressobr.com.br\/?p=4158","title":{"rendered":"NIKOLAS FERREIRA E A GERA\u00c7\u00c3O Z: Como a oposi\u00e7\u00e3o digital pauta o debate pol\u00edtico em 2026"},"content":{"rendered":"\n<p class=\"wp-block-paragraph\">O cen\u00e1rio pol\u00edtico brasileiro em 2026 consolida uma transi\u00e7\u00e3o definitiva para o campo digital, onde o deputado federal <strong>Nikolas Ferreira (PL-MG)<\/strong> se estabeleceu como a principal voz da juventude conservadora. Unindo a ret\u00f3rica crist\u00e3 a uma produ\u00e7\u00e3o de conte\u00fado com est\u00e9tica de &#8220;entretenimento pol\u00edtico&#8221;, o parlamentar n\u00e3o apenas mant\u00e9m sua base, mas dita o ritmo da oposi\u00e7\u00e3o ao governo federal.<\/p>\n\n\n\n<h3 class=\"wp-block-heading\">\u200bA Estrat\u00e9gia do &#8220;Tsunami Digital&#8221;<\/h3>\n\n\n\n<p class=\"wp-block-paragraph\">\u200bRecentemente, Nikolas demonstrou seu poder de mobiliza\u00e7\u00e3o com uma caminhada de mais de 200 km entre Minas Gerais e Bras\u00edlia, culminando em um ato que reuniu milhares de apoiadores. Para analistas, o movimento marcou o &#8220;pontap\u00e9 inicial&#8221; do ano eleitoral, reafirmando que a direita retomou as ruas atrav\u00e9s das telas.<\/p>\n\n\n\n<ul class=\"wp-block-list\">\n<li>\u200b<strong>Alcance Recorde:<\/strong> V\u00eddeos recentes do deputado, como as cr\u00edticas \u00e0 fiscaliza\u00e7\u00e3o do Pix, ultrapassaram a marca de <strong>300 milh\u00f5es de visualiza\u00e7\u00f5es<\/strong>, for\u00e7ando recuos e respostas imediatas do Pal\u00e1cio do Planalto.<\/li>\n\n\n\n<li>\u200b<strong>Profissionaliza\u00e7\u00e3o:<\/strong> Atrav\u00e9s de sua plataforma &#8220;Destra&#8221;, Nikolas investiu cerca de <strong>R$ 750 mil em tr\u00e1fego pago<\/strong> (Meta) entre 2024 e 2025, criando um funil de engajamento que mistura valores religiosos com forma\u00e7\u00e3o pol\u00edtica.<\/li>\n<\/ul>\n\n\n\n<h3 class=\"wp-block-heading\">\u200bO Fator 2026 e o Futuro no PL<\/h3>\n\n\n\n<p class=\"wp-block-paragraph\">\u200bApesar de ser o pol\u00edtico com maior engajamento digital do pa\u00eds, Nikolas enfrenta limita\u00e7\u00f5es constitucionais por ainda n\u00e3o ter 35 anos, o que o impede de disputar a Presid\u00eancia ou o Senado no pleito deste ano. No entanto, seu papel como &#8220;puxador de votos&#8221; \u00e9 central:<\/p>\n\n\n\n<ol class=\"wp-block-list\">\n<li>\u200b<strong>Transfer\u00eancia para S\u00e3o Paulo?<\/strong> Lideran\u00e7as do PL, incluindo Valdemar Costa Neto, cogitaram sua mudan\u00e7a para o col\u00e9gio eleitoral paulista para ampliar a proje\u00e7\u00e3o nacional do partido.<\/li>\n\n\n\n<li>\u200b<strong>Imbr\u00f3glio em Minas:<\/strong> No in\u00edcio de fevereiro de 2026, o deputado subiu o tom contra a pr\u00f3pria legenda, amea\u00e7ando deixar o partido caso n\u00e3o tenha controle sobre a chapa de candidatos em Minas Gerais, buscando barrar alian\u00e7as com perfis que n\u00e3o considere &#8220;puramente conservadores&#8221;.<\/li>\n\n\n\n<li>\u200b<strong>Mobiliza\u00e7\u00e3o Contra o Judici\u00e1rio:<\/strong> Ferreira segue como ponta de lan\u00e7a nos pedidos de impeachment contra ministros do STF, convocando manifesta\u00e7\u00f5es para mar\u00e7o de 2026 focadas em cr\u00edticas a Alexandre de Moraes e Dias Toffoli.<\/li>\n<\/ol>\n","protected":false},"excerpt":{"rendered":"<p>O cen\u00e1rio pol\u00edtico brasileiro em 2026 consolida uma transi\u00e7\u00e3o definitiva para o campo digital, onde o deputado federal Nikolas Ferreira (PL-MG) se estabeleceu como a [&#8230;]<\/p>\n","protected":false},"author":1,"featured_media":4159,"comment_status":"open","ping_status":"open","sticky":false,"template":"","format":"standard","meta":{"_crdt_document":"","_jetpack_memberships_contains_paid_content":false,"footnotes":"","jetpack_publicize_message":"","jetpack_publicize_feature_enabled":true,"jetpack_social_post_already_shared":true,"jetpack_social_options":{"image_generator_settings":{"template":"highway","default_image_id":0,"font":"","enabled":false},"version":2}},"categories":[7],"tags":[],"class_list":["post-4158","post","type-post","status-publish","format-standard","has-post-thumbnail","hentry","category-politica"],"jetpack_publicize_connections":[],"jetpack_featured_media_url":"https:\/\/i0.wp.com\/oexpressobr.com.br\/wp-content\/uploads\/2026\/02\/Bruno-Spada.jpg.webp?fit=768%2C473&ssl=1","jetpack_likes_enabled":true,"jetpack_sharing_enabled":true,"_links":{"self":[{"href":"https:\/\/oexpressobr.com.br\/index.php?rest_route=\/wp\/v2\/posts\/4158","targetHints":{"allow":["GET"]}}],"collection":[{"href":"https:\/\/oexpressobr.com.br\/index.php?rest_route=\/wp\/v2\/posts"}],"about":[{"href":"https:\/\/oexpressobr.com.br\/index.php?rest_route=\/wp\/v2\/types\/post"}],"author":[{"embeddable":true,"href":"https:\/\/oexpressobr.com.br\/index.php?rest_route=\/wp\/v2\/users\/1"}],"replies":[{"embeddable":true,"href":"https:\/\/oexpressobr.com.br\/index.php?rest_route=%2Fwp%2Fv2%2Fcomments&post=4158"}],"version-history":[{"count":1,"href":"https:\/\/oexpressobr.com.br\/index.php?rest_route=\/wp\/v2\/posts\/4158\/revisions"}],"predecessor-version":[{"id":4160,"href":"https:\/\/oexpressobr.com.br\/index.php?rest_route=\/wp\/v2\/posts\/4158\/revisions\/4160"}],"wp:featuredmedia":[{"embeddable":true,"href":"https:\/\/oexpressobr.com.br\/index.php?rest_route=\/wp\/v2\/media\/4159"}],"wp:attachment":[{"href":"https:\/\/oexpressobr.com.br\/index.php?rest_route=%2Fwp%2Fv2%2Fmedia&parent=4158"}],"wp:term":[{"taxonomy":"category","embeddable":true,"href":"https:\/\/oexpressobr.com.br\/index.php?rest_route=%2Fwp%2Fv2%2Fcategories&post=4158"},{"taxonomy":"post_tag","embeddable":true,"href":"https:\/\/oexpressobr.com.br\/index.php?rest_route=%2Fwp%2Fv2%2Ftags&post=4158"}],"curies":[{"name":"wp","href":"https:\/\/api.w.org\/{rel}","templated":true}]}}