{"id":4169,"date":"2026-02-19T06:40:35","date_gmt":"2026-02-19T09:40:35","guid":{"rendered":"https:\/\/oexpressobr.com.br\/?p=4169"},"modified":"2026-02-19T06:40:36","modified_gmt":"2026-02-19T09:40:36","slug":"temporal-atinge-o-parana-e-deixa-rastro-de-destruicao-em-maripa-quedas-do-iguacu-e-jardim-alegre","status":"publish","type":"post","link":"https:\/\/oexpressobr.com.br\/?p=4169","title":{"rendered":"Temporal atinge o Paran\u00e1 e deixa rastro de destrui\u00e7\u00e3o em Marip\u00e1, Quedas do Igua\u00e7u e Jardim Alegre"},"content":{"rendered":"\n<p class=\"wp-block-paragraph\">Um forte temporal que avan\u00e7ou sobre o Paran\u00e1 nesta quarta-feira (18) causou graves danos materiais, interrup\u00e7\u00e3o de servi\u00e7os essenciais e mobilizou equipes de emerg\u00eancia em diversas regi\u00f5es do estado. O fen\u00f4meno, impulsionado pelo calor intenso e a chegada de uma frente fria, trouxe rajadas de vento que ultrapassaram os <strong>100 km\/h<\/strong> em algumas localidades, resultando em quedas de \u00e1rvores, destelhamentos e preju\u00edzos no setor agr\u00edcola.<\/p>\n\n\n\n<h3 class=\"wp-block-heading\">\u200bCidades mais atingidas e balan\u00e7o de danos<\/h3>\n\n\n\n<p class=\"wp-block-paragraph\">\u200bA cidade de <strong>Marip\u00e1<\/strong>, no Oeste paranaense, foi uma das mais castigadas. Segundo a prefeitura local, mais de <strong>50 resid\u00eancias<\/strong> foram danificadas. Pr\u00e9dios p\u00fablicos tamb\u00e9m sofreram o impacto: uma escola, um Centro Municipal de Educa\u00e7\u00e3o Infantil (Cmei) e um centro comunit\u00e1rio tiveram os telhados arrancados. Cerca de 100 pessoas foram afetadas diretamente, mas, felizmente, n\u00e3o houve feridos graves.<\/p>\n\n\n\n<p class=\"wp-block-paragraph\">\u200bEm outras regi\u00f5es, o cen\u00e1rio tamb\u00e9m foi de destrui\u00e7\u00e3o:<\/p>\n\n\n\n<ul class=\"wp-block-list\">\n<li>\u200b<strong>Quedas do Igua\u00e7u:<\/strong> Um barrac\u00e3o que servia de moradia foi completamente destru\u00eddo. A fam\u00edlia n\u00e3o estava no local no momento do desastre. A prefeitura disponibilizou abrigos e hot\u00e9is para os desalojados.<\/li>\n\n\n\n<li>\u200b<strong>Jardim Alegre:<\/strong> Um silo de uma cooperativa agr\u00edcola, ainda em constru\u00e7\u00e3o, desmoronou devido ao vento e atingiu uma estrutura vizinha.<\/li>\n\n\n\n<li>\u200b<strong>Ivaipor\u00e3:<\/strong> A for\u00e7a da natureza vitimou o setor pecu\u00e1rio, onde um raio matou quatro vacas e um touro em uma propriedade rural.<\/li>\n\n\n\n<li>\u200b<strong>Realeza:<\/strong> Um homem sofreu ferimentos leves ao ser atingido por uma telha arremessada pelo vento.<\/li>\n<\/ul>\n\n\n\n<h3 class=\"wp-block-heading\">\u200bCrise energ\u00e9tica e infraestrutura<\/h3>\n\n\n\n<p class=\"wp-block-paragraph\">\u200bDe acordo com a <strong>Copel<\/strong>, o temporal gerou mais de <strong>2,3 mil ocorr\u00eancias<\/strong> de interrup\u00e7\u00e3o no fornecimento de energia el\u00e9trica em todo o estado. As regi\u00f5es com maior volume de atendimentos foram o Norte (461) e o Centro-Sul (442). Equipes seguem trabalhando na substitui\u00e7\u00e3o de postes quebrados e na reconstru\u00e7\u00e3o de redes rompidas por quedas de \u00e1rvores.<\/p>\n\n\n\n<h3 class=\"wp-block-heading\">\u200bPrevis\u00e3o do tempo e alertas<\/h3>\n\n\n\n<p class=\"wp-block-paragraph\">\u200bO <strong>Simepar<\/strong> (Sistema de Tecnologia e Monitoramento Ambiental do Paran\u00e1) e o <strong>Inmet<\/strong> j\u00e1 haviam emitido alertas para a possibilidade de tempestades severas. Em Joaquim T\u00e1vora, os ventos chegaram a <strong>104 km\/h<\/strong>, enquanto em cidades como Londrina, o volume de chuva em apenas 15 minutos correspondeu a quase <strong>20% do esperado para todo o m\u00eas<\/strong>.<\/p>\n\n\n\n<p class=\"wp-block-paragraph\">\u200bA previs\u00e3o para os pr\u00f3ximos dias indica que a massa de ar quente e \u00famido continuar\u00e1 favorecendo pancadas de chuva isoladas, t\u00edpicas de ver\u00e3o, mas com potencial para novos temporais de curta dura\u00e7\u00e3o.<\/p>\n","protected":false},"excerpt":{"rendered":"<p>Um forte temporal que avan\u00e7ou sobre o Paran\u00e1 nesta quarta-feira (18) causou graves danos materiais, interrup\u00e7\u00e3o de servi\u00e7os essenciais e mobilizou equipes de emerg\u00eancia em [&#8230;]<\/p>\n","protected":false},"author":1,"featured_media":4170,"comment_status":"open","ping_status":"open","sticky":false,"template":"","format":"standard","meta":{"_crdt_document":"","_jetpack_memberships_contains_paid_content":false,"footnotes":"","jetpack_publicize_message":"","jetpack_publicize_feature_enabled":true,"jetpack_social_post_already_shared":true,"jetpack_social_options":{"image_generator_settings":{"template":"highway","default_image_id":0,"font":"","enabled":false},"version":2}},"categories":[5],"tags":[],"class_list":["post-4169","post","type-post","status-publish","format-standard","has-post-thumbnail","hentry","category-parana"],"jetpack_publicize_connections":[],"jetpack_featured_media_url":"https:\/\/i0.wp.com\/oexpressobr.com.br\/wp-content\/uploads\/2026\/02\/httpsportalnorte.com_.brwp-adminpost.phppost-292629-action-edit-2026-02-18t190109.839-1.jpg?fit=1000%2C667&ssl=1","jetpack_likes_enabled":true,"jetpack_sharing_enabled":true,"_links":{"self":[{"href":"https:\/\/oexpressobr.com.br\/index.php?rest_route=\/wp\/v2\/posts\/4169","targetHints":{"allow":["GET"]}}],"collection":[{"href":"https:\/\/oexpressobr.com.br\/index.php?rest_route=\/wp\/v2\/posts"}],"about":[{"href":"https:\/\/oexpressobr.com.br\/index.php?rest_route=\/wp\/v2\/types\/post"}],"author":[{"embeddable":true,"href":"https:\/\/oexpressobr.com.br\/index.php?rest_route=\/wp\/v2\/users\/1"}],"replies":[{"embeddable":true,"href":"https:\/\/oexpressobr.com.br\/index.php?rest_route=%2Fwp%2Fv2%2Fcomments&post=4169"}],"version-history":[{"count":1,"href":"https:\/\/oexpressobr.com.br\/index.php?rest_route=\/wp\/v2\/posts\/4169\/revisions"}],"predecessor-version":[{"id":4171,"href":"https:\/\/oexpressobr.com.br\/index.php?rest_route=\/wp\/v2\/posts\/4169\/revisions\/4171"}],"wp:featuredmedia":[{"embeddable":true,"href":"https:\/\/oexpressobr.com.br\/index.php?rest_route=\/wp\/v2\/media\/4170"}],"wp:attachment":[{"href":"https:\/\/oexpressobr.com.br\/index.php?rest_route=%2Fwp%2Fv2%2Fmedia&parent=4169"}],"wp:term":[{"taxonomy":"category","embeddable":true,"href":"https:\/\/oexpressobr.com.br\/index.php?rest_route=%2Fwp%2Fv2%2Fcategories&post=4169"},{"taxonomy":"post_tag","embeddable":true,"href":"https:\/\/oexpressobr.com.br\/index.php?rest_route=%2Fwp%2Fv2%2Ftags&post=4169"}],"curies":[{"name":"wp","href":"https:\/\/api.w.org\/{rel}","templated":true}]}}