{"id":417,"date":"2025-12-08T07:28:17","date_gmt":"2025-12-08T10:28:17","guid":{"rendered":"https:\/\/oexpressobr.com.br\/?p=417"},"modified":"2025-12-08T07:28:18","modified_gmt":"2025-12-08T10:28:18","slug":"maioria-dos-brasileiros-ve-intencao-de-fuga-em-bolsonaro-apos-violacao-de-tornozeleira","status":"publish","type":"post","link":"https:\/\/oexpressobr.com.br\/?p=417","title":{"rendered":"Maioria Dos Brasileiros V\u00ea Inten\u00e7\u00e3o De Fuga Em Bolsonaro Ap\u00f3s Viola\u00e7\u00e3o De Tornozeleira"},"content":{"rendered":"\n<p class=\"wp-block-paragraph\"><strong>Pesquisa Datafolha aponta que 54% n\u00e3o acreditam na vers\u00e3o de &#8220;surto&#8221; do ex-presidente; pris\u00e3o preventiva foi decretada em novembro.<\/strong><\/p>\n\n\n\n<p class=\"wp-block-paragraph\">\u200bA atitude do ex-presidente Jair Bolsonaro (PL) de danificar a tornozeleira eletr\u00f4nica que usava por ordem judicial \u00e9 vista pela maioria dos brasileiros como uma tentativa de fuga. \u00c9 o que aponta a mais recente pesquisa Datafolha, divulgada no domingo (7), que revela que <strong>54% dos entrevistados<\/strong> acreditam na inten\u00e7\u00e3o de evas\u00e3o, enquanto <strong>33%<\/strong> aceitam a vers\u00e3o apresentada pela defesa do ex-presidente, de que o ato ocorreu durante um <strong>surto paranoico<\/strong>. Outros 13% n\u00e3o souberam ou n\u00e3o quiseram responder.<\/p>\n\n\n\n<p class=\"wp-block-paragraph\">\u200bO levantamento, realizado entre os dias 2 e 4 de dezembro, ouviu 2.002 eleitores em 113 munic\u00edpios e possui margem de erro de dois pontos percentuais. A percep\u00e7\u00e3o de que houve uma tentativa de fuga \u00e9 mais forte entre eleitores do Nordeste (61%) e aqueles que votaram no atual presidente Luiz In\u00e1cio Lula da Silva no segundo turno de 2022 (66%). J\u00e1 a hip\u00f3tese de surto encontra maior ades\u00e3o entre grupos alinhados a Bolsonaro, chegando a 66% entre seus eleitores no segundo turno.<\/p>\n\n\n\n<h3 class=\"wp-block-heading\">\u200bVers\u00f5es E Pris\u00e3o Preventiva<\/h3>\n\n\n\n<p class=\"wp-block-paragraph\">\u200bO epis\u00f3dio de viola\u00e7\u00e3o da tornozeleira eletr\u00f4nica ocorreu na madrugada de 22 de novembro. Bolsonaro cumpria pris\u00e3o domiciliar em Bras\u00edlia desde agosto e estava sob monitoramento eletr\u00f4nico por determina\u00e7\u00e3o do ministro Alexandre de Moraes, do Supremo Tribunal Federal (STF).<\/p>\n\n\n\n<p class=\"wp-block-paragraph\">\u200bNo momento da deten\u00e7\u00e3o, o ex-presidente apresentou vers\u00f5es distintas sobre o dano. Inicialmente, alegou ter batido o aparelho na escada. Posteriormente, em depoimento, admitiu ter usado um <strong>ferro de solda<\/strong> no equipamento, dizendo ter agido por &#8220;curiosidade&#8221; ou em raz\u00e3o de um &#8220;surto medicamentoso&#8221; que o teria levado a suspeitar da exist\u00eancia de uma escuta no dispositivo. Per\u00edcia da Pol\u00edcia Federal confirmou o uso de fonte de calor na tornozeleira.<\/p>\n\n\n\n<p class=\"wp-block-paragraph\">\u200bA viola\u00e7\u00e3o do equipamento, registrada \u00e0 0h07, motivou o pedido de pris\u00e3o preventiva pela Pol\u00edcia Federal, prontamente expedido por Alexandre de Moraes. No mesmo dia, Bolsonaro foi levado \u00e0 Superintend\u00eancia da PF em Bras\u00edlia, onde teve a tornozeleira retirada e foi submetido a exame de corpo de delito.<\/p>\n\n\n\n<p class=\"wp-block-paragraph\">\u200bDesde ent\u00e3o, Bolsonaro est\u00e1 detido, em cumprimento de pena de 27 anos e tr\u00eas meses, ap\u00f3s ter sido condenado por envolvimento na tentativa de golpe de Estado ap\u00f3s as elei\u00e7\u00f5es de 2022. A pris\u00e3o preventiva, decretada em decorr\u00eancia da quebra das medidas cautelares, \u00e9 o desdobramento mais recente de um longo processo judicial que envolve o ex-chefe do Executivo.<\/p>\n","protected":false},"excerpt":{"rendered":"<p>Pesquisa Datafolha aponta que 54% n\u00e3o acreditam na vers\u00e3o de &#8220;surto&#8221; do ex-presidente; pris\u00e3o preventiva foi decretada em novembro. \u200bA atitude do ex-presidente Jair Bolsonaro [&#8230;]<\/p>\n","protected":false},"author":1,"featured_media":418,"comment_status":"open","ping_status":"open","sticky":false,"template":"","format":"standard","meta":{"_crdt_document":"","_jetpack_memberships_contains_paid_content":false,"footnotes":"","jetpack_publicize_message":"","jetpack_publicize_feature_enabled":true,"jetpack_social_post_already_shared":false,"jetpack_social_options":{"image_generator_settings":{"template":"highway","default_image_id":0,"font":"","enabled":false},"version":2}},"categories":[3],"tags":[],"class_list":["post-417","post","type-post","status-publish","format-standard","has-post-thumbnail","hentry","category-brasil"],"jetpack_publicize_connections":[],"jetpack_featured_media_url":"https:\/\/i0.wp.com\/oexpressobr.com.br\/wp-content\/uploads\/2025\/12\/IMG-20251208-WA0065.jpg?fit=1600%2C1035&ssl=1","jetpack_likes_enabled":true,"jetpack_sharing_enabled":true,"_links":{"self":[{"href":"https:\/\/oexpressobr.com.br\/index.php?rest_route=\/wp\/v2\/posts\/417","targetHints":{"allow":["GET"]}}],"collection":[{"href":"https:\/\/oexpressobr.com.br\/index.php?rest_route=\/wp\/v2\/posts"}],"about":[{"href":"https:\/\/oexpressobr.com.br\/index.php?rest_route=\/wp\/v2\/types\/post"}],"author":[{"embeddable":true,"href":"https:\/\/oexpressobr.com.br\/index.php?rest_route=\/wp\/v2\/users\/1"}],"replies":[{"embeddable":true,"href":"https:\/\/oexpressobr.com.br\/index.php?rest_route=%2Fwp%2Fv2%2Fcomments&post=417"}],"version-history":[{"count":0,"href":"https:\/\/oexpressobr.com.br\/index.php?rest_route=\/wp\/v2\/posts\/417\/revisions"}],"wp:featuredmedia":[{"embeddable":true,"href":"https:\/\/oexpressobr.com.br\/index.php?rest_route=\/wp\/v2\/media\/418"}],"wp:attachment":[{"href":"https:\/\/oexpressobr.com.br\/index.php?rest_route=%2Fwp%2Fv2%2Fmedia&parent=417"}],"wp:term":[{"taxonomy":"category","embeddable":true,"href":"https:\/\/oexpressobr.com.br\/index.php?rest_route=%2Fwp%2Fv2%2Fcategories&post=417"},{"taxonomy":"post_tag","embeddable":true,"href":"https:\/\/oexpressobr.com.br\/index.php?rest_route=%2Fwp%2Fv2%2Ftags&post=417"}],"curies":[{"name":"wp","href":"https:\/\/api.w.org\/{rel}","templated":true}]}}