{"id":4174,"date":"2026-02-19T06:47:47","date_gmt":"2026-02-19T09:47:47","guid":{"rendered":"https:\/\/oexpressobr.com.br\/?p=4174"},"modified":"2026-02-19T06:47:49","modified_gmt":"2026-02-19T09:47:49","slug":"uefa-investiga-denuncia-de-racismo-de-prestianni-contra-vinicius-junior-apos-jogo-da-champions","status":"publish","type":"post","link":"https:\/\/oexpressobr.com.br\/?p=4174","title":{"rendered":"Uefa investiga den\u00fancia de racismo de Prestianni contra Vinicius Junior ap\u00f3s jogo da Champions"},"content":{"rendered":"\n<p class=\"wp-block-paragraph\">\u200bO cen\u00e1rio de gl\u00f3ria de <strong>Vinicius Junior<\/strong> na UEFA Champions League foi, mais uma vez, manchado por atos de discrimina\u00e7\u00e3o. Ap\u00f3s marcar o gol da vit\u00f3ria do <strong>Real Madrid<\/strong> contra o <strong>Benfica<\/strong>, no Est\u00e1dio da Luz, o atacante brasileiro denunciou ter sido chamado de &#8220;mono&#8221; (macaco) pelo jogador argentino <strong>Gianluca Prestianni<\/strong>. O epis\u00f3dio, ocorrido nesta \u00faltima ter\u00e7a-feira (17 de fevereiro de 2026), desencadeou a ativa\u00e7\u00e3o imediata do protocolo antirracismo e uma investiga\u00e7\u00e3o oficial da entidade europeia.<\/p>\n\n\n\n<h3 class=\"wp-block-heading\">\u200bO incidente e a rea\u00e7\u00e3o em campo<\/h3>\n\n\n\n<p class=\"wp-block-paragraph\">\u200bA confus\u00e3o teve in\u00edcio logo ap\u00f3s o gol de Vini Jr. Durante a comemora\u00e7\u00e3o, imagens de transmiss\u00e3o flagraram Prestianni cobrindo a boca com a camisa enquanto discutia com o brasileiro. Segundo o relato de Vinicius e o testemunho de seu companheiro de equipe, <strong>Kylian Mbapp\u00e9<\/strong>, as ofensas foram claras.<\/p>\n\n\n\n<ul class=\"wp-block-list\">\n<li>\u200b<strong>Protocolo acionado:<\/strong> O \u00e1rbitro Fran\u00e7ois Letexier interrompeu a partida por cerca de dez minutos.<\/li>\n\n\n\n<li>\u200b<strong>Indigna\u00e7\u00e3o de Mbapp\u00e9:<\/strong> O astro franc\u00eas saiu em defesa do brasileiro, confrontando o advers\u00e1rio e declarando posteriormente: &#8220;Esse jogador n\u00e3o merece mais jogar a Champions&#8221;.<\/li>\n\n\n\n<li>\u200b<strong>Cart\u00e3o amarelo controverso:<\/strong> Apesar de ser a v\u00edtima, Vini Jr. foi advertido com um cart\u00e3o amarelo por sua comemora\u00e7\u00e3o, o que gerou fortes cr\u00edticas do jogador nas redes sociais.<\/li>\n<\/ul>\n\n\n\n<h3 class=\"wp-block-heading\">\u200bPosicionamento oficial e desdobramentos<\/h3>\n\n\n\n<p class=\"wp-block-paragraph\">\u200bA <strong>UEFA<\/strong> confirmou nesta quarta-feira (18) a abertura de um procedimento disciplinar para apurar &#8220;comportamento discriminat\u00f3rio&#8221;. Se culpado, Prestianni pode enfrentar uma suspens\u00e3o m\u00ednima de <strong>dez partidas<\/strong>, conforme o Artigo 14 do C\u00f3digo Disciplinar da entidade.<\/p>\n\n\n\n<blockquote class=\"wp-block-quote is-layout-flow wp-block-quote-is-layout-flow\">\n<p class=\"wp-block-paragraph\">\u200b&#8221;Racistas s\u00e3o, acima de tudo, covardes. Precisam colocar a camisa na boca para demonstrar como s\u00e3o fracos&#8221;, desabafou Vinicius Junior em seu perfil oficial.<\/p>\n<\/blockquote>\n\n\n\n<p class=\"wp-block-paragraph\">\u200bO <strong>Benfica<\/strong>, por sua vez, emitiu nota defendendo seu atleta e alegando que Prestianni sempre pautou sua conduta pelo respeito, embora tenha manifestado apoio geral \u00e0 luta contra o racismo. O presidente da FIFA, <strong>Gianni Infantino<\/strong>, tamb\u00e9m se manifestou, exigindo provid\u00eancias severas e reiterando a pol\u00edtica de &#8220;toler\u00e2ncia zero&#8221;.<\/p>\n\n\n\n<h3 class=\"wp-block-heading\">\u200bHist\u00f3rico de luta<\/h3>\n\n\n\n<p class=\"wp-block-paragraph\">\u200bEste \u00e9 o 20\u00ba epis\u00f3dio de racismo registrado contra Vinicius Junior desde sua chegada \u00e0 Europa. O caso ocorre em um momento em que a press\u00e3o sobre as ligas europeias e a UEFA atinge o \u00e1pice, com jogadores e federa\u00e7\u00f5es (incluindo a <strong>CBF<\/strong>) exigindo puni\u00e7\u00f5es desportivas e criminais que v\u00e3o al\u00e9m de simples multas financeiras.<\/p>\n","protected":false},"excerpt":{"rendered":"<p>\u200bO cen\u00e1rio de gl\u00f3ria de Vinicius Junior na UEFA Champions League foi, mais uma vez, manchado por atos de discrimina\u00e7\u00e3o. Ap\u00f3s marcar o gol da [&#8230;]<\/p>\n","protected":false},"author":1,"featured_media":4176,"comment_status":"open","ping_status":"open","sticky":false,"template":"","format":"standard","meta":{"_crdt_document":"","_jetpack_memberships_contains_paid_content":false,"footnotes":"","jetpack_publicize_message":"","jetpack_publicize_feature_enabled":true,"jetpack_social_post_already_shared":true,"jetpack_social_options":{"image_generator_settings":{"template":"highway","default_image_id":0,"font":"","enabled":false},"version":2}},"categories":[12],"tags":[],"class_list":["post-4174","post","type-post","status-publish","format-standard","has-post-thumbnail","hentry","category-esporte"],"jetpack_publicize_connections":[],"jetpack_featured_media_url":"https:\/\/i0.wp.com\/oexpressobr.com.br\/wp-content\/uploads\/2026\/02\/IMG-20260219-WA0065-1.jpg?fit=1080%2C1080&ssl=1","jetpack_likes_enabled":true,"jetpack_sharing_enabled":true,"_links":{"self":[{"href":"https:\/\/oexpressobr.com.br\/index.php?rest_route=\/wp\/v2\/posts\/4174","targetHints":{"allow":["GET"]}}],"collection":[{"href":"https:\/\/oexpressobr.com.br\/index.php?rest_route=\/wp\/v2\/posts"}],"about":[{"href":"https:\/\/oexpressobr.com.br\/index.php?rest_route=\/wp\/v2\/types\/post"}],"author":[{"embeddable":true,"href":"https:\/\/oexpressobr.com.br\/index.php?rest_route=\/wp\/v2\/users\/1"}],"replies":[{"embeddable":true,"href":"https:\/\/oexpressobr.com.br\/index.php?rest_route=%2Fwp%2Fv2%2Fcomments&post=4174"}],"version-history":[{"count":1,"href":"https:\/\/oexpressobr.com.br\/index.php?rest_route=\/wp\/v2\/posts\/4174\/revisions"}],"predecessor-version":[{"id":4177,"href":"https:\/\/oexpressobr.com.br\/index.php?rest_route=\/wp\/v2\/posts\/4174\/revisions\/4177"}],"wp:featuredmedia":[{"embeddable":true,"href":"https:\/\/oexpressobr.com.br\/index.php?rest_route=\/wp\/v2\/media\/4176"}],"wp:attachment":[{"href":"https:\/\/oexpressobr.com.br\/index.php?rest_route=%2Fwp%2Fv2%2Fmedia&parent=4174"}],"wp:term":[{"taxonomy":"category","embeddable":true,"href":"https:\/\/oexpressobr.com.br\/index.php?rest_route=%2Fwp%2Fv2%2Fcategories&post=4174"},{"taxonomy":"post_tag","embeddable":true,"href":"https:\/\/oexpressobr.com.br\/index.php?rest_route=%2Fwp%2Fv2%2Ftags&post=4174"}],"curies":[{"name":"wp","href":"https:\/\/api.w.org\/{rel}","templated":true}]}}