{"id":4190,"date":"2026-02-19T07:15:25","date_gmt":"2026-02-19T10:15:25","guid":{"rendered":"https:\/\/oexpressobr.com.br\/?p=4190"},"modified":"2026-02-19T07:15:30","modified_gmt":"2026-02-19T10:15:30","slug":"argentina-enfrenta-greve-geral-contra-reforma-trabalhista-de-milei-sob-forte-esquema-de-seguranca-e-tensao-com-a-imprensa","status":"publish","type":"post","link":"https:\/\/oexpressobr.com.br\/?p=4190","title":{"rendered":"ARGENTINA ENFRENTA GREVE geral contra reforma trabalhista de Milei sob forte esquema de seguran\u00e7a e tens\u00e3o com a imprensa"},"content":{"rendered":"\n<p class=\"wp-block-paragraph\">\u200bA Argentina amanheceu paralisada nesta quinta-feira (19 de fevereiro de 2026) devido a uma greve geral de 24 horas convocada pelas principais centrais sindicais, lideradas pela Confedera\u00e7\u00e3o Geral do Trabalho (CGT). O movimento \u00e9 um protesto direto contra o projeto de reforma trabalhista do presidente Javier Milei, que est\u00e1 sendo debatido na C\u00e2mara dos Deputados ap\u00f3s ter sido aprovado pelo Senado na \u00faltima semana.<\/p>\n\n\n\n<p class=\"wp-block-paragraph\">\u200bEnquanto os sindicatos tentam barrar o que chamam de &#8220;retrocesso de cem anos&#8221;, o governo Milei endureceu o discurso, prometendo repress\u00e3o contra bloqueios de vias e emitindo alertas incomuns a jornalistas que cobrem as manifesta\u00e7\u00f5es.<\/p>\n\n\n\n<h3 class=\"wp-block-heading\">\u200bO centro da disputa: a jornada de 12 horas<\/h3>\n\n\n\n<p class=\"wp-block-paragraph\">\u200bO texto em vota\u00e7\u00e3o prop\u00f5e mudan\u00e7as profundas na legisla\u00e7\u00e3o laboral argentina, estagnada desde a d\u00e9cada de 1970. Entre os pontos mais pol\u00eamicos est\u00e3o:<\/p>\n\n\n\n<ul class=\"wp-block-list\">\n<li>\u200b<strong>Flexibiliza\u00e7\u00e3o da Jornada:<\/strong> A cria\u00e7\u00e3o de um regime que permite at\u00e9 12 horas de trabalho di\u00e1rias, sem pagamento de horas extras, desde que o limite semanal de 48 horas seja respeitado atrav\u00e9s de um banco de horas.<\/li>\n\n\n\n<li>\u200b<strong>Indeniza\u00e7\u00f5es e Multas:<\/strong> Redu\u00e7\u00e3o dos valores de indeniza\u00e7\u00e3o por demiss\u00e3o e elimina\u00e7\u00e3o de multas para empresas que n\u00e3o registraram formalmente seus funcion\u00e1rios, visando, segundo o governo, incentivar a formaliza\u00e7\u00e3o.<\/li>\n\n\n\n<li>\u200b<strong>Direito de Greve:<\/strong> O projeto classifica setores como transporte e educa\u00e7\u00e3o como &#8220;essenciais&#8221;, exigindo a manuten\u00e7\u00e3o de 50% a 75% dos servi\u00e7os durante paralisa\u00e7\u00f5es.<\/li>\n<\/ul>\n\n\n\n<h3 class=\"wp-block-heading\">\u200bTens\u00e3o com a imprensa e &#8220;Protocolo Antipiquete&#8221;<\/h3>\n\n\n\n<p class=\"wp-block-paragraph\">\u200bUm dos aspectos mais alarmantes desta jornada \u00e9 a postura do Minist\u00e9rio da Seguran\u00e7a. Em um comunicado oficial, o governo Milei determinou que os jornalistas devem seguir &#8220;medidas de seguran\u00e7a&#8221; espec\u00edficas e indicou a cria\u00e7\u00e3o de &#8220;zonas exclusivas&#8221; para a imprensa.<\/p>\n\n\n\n<p class=\"wp-block-paragraph\">\u200bA Associa\u00e7\u00e3o de Correspondentes Estrangeiros da Argentina expressou &#8220;profunda preocupa\u00e7\u00e3o&#8221;, vendo a medida como uma tentativa de limitar a liberdade de circula\u00e7\u00e3o e o registro de eventuais abusos policiais. Durante os protestos da \u00faltima semana, cerca de 30 pessoas foram detidas e houve diversos relatos de viol\u00eancia policial contra profissionais da m\u00eddia.<\/p>\n\n\n\n<h3 class=\"wp-block-heading\">\u200bCen\u00e1rio econ\u00f4mico e pol\u00edtico<\/h3>\n\n\n\n<p class=\"wp-block-paragraph\">\u200bA greve ocorre em um momento cr\u00edtico para a gest\u00e3o ultraliberal. Apesar de Milei buscar a san\u00e7\u00e3o da lei antes de seu discurso anual no Congresso em 1\u00ba de mar\u00e7o, a Argentina enfrenta uma recess\u00e3o profunda, com queda na atividade industrial e perda de cerca de 300 mil postos de trabalho formais desde o in\u00edcio de seu mandato.<\/p>\n\n\n\n<p class=\"wp-block-paragraph\">\u200bPara o governo, as leis atuais &#8220;favorecem a informalidade&#8221;. Para os sindicatos, Milei est\u00e1 &#8220;condenando os direitos das futuras gera\u00e7\u00f5es&#8221; para favorecer o capital financeiro e as exig\u00eancias de ajuste fiscal.<\/p>\n\n\n\n<p class=\"wp-block-paragraph\">\u200bA sess\u00e3o na C\u00e2mara dos Deputados come\u00e7ou \u00e0s 14h e a expectativa \u00e9 de que a vota\u00e7\u00e3o avance pela madrugada de sexta-feira. Caso o texto sofra altera\u00e7\u00f5es, ele precisar\u00e1 retornar ao Senado para uma valida\u00e7\u00e3o final.<\/p>\n","protected":false},"excerpt":{"rendered":"<p>\u200bA Argentina amanheceu paralisada nesta quinta-feira (19 de fevereiro de 2026) devido a uma greve geral de 24 horas convocada pelas principais centrais sindicais, lideradas [&#8230;]<\/p>\n","protected":false},"author":1,"featured_media":4191,"comment_status":"open","ping_status":"open","sticky":false,"template":"","format":"standard","meta":{"_crdt_document":"","_jetpack_memberships_contains_paid_content":false,"footnotes":"","jetpack_publicize_message":"","jetpack_publicize_feature_enabled":true,"jetpack_social_post_already_shared":true,"jetpack_social_options":{"image_generator_settings":{"template":"highway","default_image_id":0,"font":"","enabled":false},"version":2}},"categories":[15],"tags":[],"class_list":["post-4190","post","type-post","status-publish","format-standard","has-post-thumbnail","hentry","category-internacional"],"jetpack_publicize_connections":[],"jetpack_featured_media_url":"https:\/\/i0.wp.com\/oexpressobr.com.br\/wp-content\/uploads\/2026\/02\/IMG-20260219-WA0078.jpg?fit=1600%2C984&ssl=1","jetpack_likes_enabled":true,"jetpack_sharing_enabled":true,"_links":{"self":[{"href":"https:\/\/oexpressobr.com.br\/index.php?rest_route=\/wp\/v2\/posts\/4190","targetHints":{"allow":["GET"]}}],"collection":[{"href":"https:\/\/oexpressobr.com.br\/index.php?rest_route=\/wp\/v2\/posts"}],"about":[{"href":"https:\/\/oexpressobr.com.br\/index.php?rest_route=\/wp\/v2\/types\/post"}],"author":[{"embeddable":true,"href":"https:\/\/oexpressobr.com.br\/index.php?rest_route=\/wp\/v2\/users\/1"}],"replies":[{"embeddable":true,"href":"https:\/\/oexpressobr.com.br\/index.php?rest_route=%2Fwp%2Fv2%2Fcomments&post=4190"}],"version-history":[{"count":1,"href":"https:\/\/oexpressobr.com.br\/index.php?rest_route=\/wp\/v2\/posts\/4190\/revisions"}],"predecessor-version":[{"id":4192,"href":"https:\/\/oexpressobr.com.br\/index.php?rest_route=\/wp\/v2\/posts\/4190\/revisions\/4192"}],"wp:featuredmedia":[{"embeddable":true,"href":"https:\/\/oexpressobr.com.br\/index.php?rest_route=\/wp\/v2\/media\/4191"}],"wp:attachment":[{"href":"https:\/\/oexpressobr.com.br\/index.php?rest_route=%2Fwp%2Fv2%2Fmedia&parent=4190"}],"wp:term":[{"taxonomy":"category","embeddable":true,"href":"https:\/\/oexpressobr.com.br\/index.php?rest_route=%2Fwp%2Fv2%2Fcategories&post=4190"},{"taxonomy":"post_tag","embeddable":true,"href":"https:\/\/oexpressobr.com.br\/index.php?rest_route=%2Fwp%2Fv2%2Ftags&post=4190"}],"curies":[{"name":"wp","href":"https:\/\/api.w.org\/{rel}","templated":true}]}}