{"id":4195,"date":"2026-02-19T11:41:48","date_gmt":"2026-02-19T14:41:48","guid":{"rendered":"https:\/\/oexpressobr.com.br\/?p=4195"},"modified":"2026-02-19T11:41:49","modified_gmt":"2026-02-19T14:41:49","slug":"com-alta-de-108-sp-bate-recorde-na-abertura-de-empresas-sob-gestao-tarcisio-e-jucesp","status":"publish","type":"post","link":"https:\/\/oexpressobr.com.br\/?p=4195","title":{"rendered":"COM alta de 10,8%, SP bate recorde na abertura de empresas sob gest\u00e3o Tarc\u00edsio e Jucesp"},"content":{"rendered":"\n<p class=\"wp-block-paragraph\">O estado de S\u00e3o Paulo consolidou sua posi\u00e7\u00e3o como o principal motor econ\u00f4mico do pa\u00eds ao registrar, em janeiro de 2026, a marca hist\u00f3rica de <strong>36.373 novos neg\u00f3cios<\/strong>. O n\u00famero representa um crescimento de <strong>10,8%<\/strong> em rela\u00e7\u00e3o ao mesmo per\u00edodo do ano anterior e \u00e9 o maior volume para o m\u00eas de janeiro em toda a s\u00e9rie hist\u00f3rica da Junta Comercial do Estado de S\u00e3o Paulo (Jucesp).<\/p>\n\n\n\n<p class=\"wp-block-paragraph\">\u200bA expans\u00e3o reflete um cen\u00e1rio de otimismo que j\u00e1 vinha sendo desenhado em 2025, ano em que o estado superou a marca de 400 mil empresas abertas. Na compara\u00e7\u00e3o com janeiro de 2022, o salto \u00e9 ainda mais expressivo: um avan\u00e7o de <strong>84,1%<\/strong>, evidenciando uma curva de crescimento consistente nos \u00faltimos quatro anos.<\/p>\n\n\n\n<h3 class=\"wp-block-heading\">\u200bOs n\u00fameros do &#8220;Boom&#8221; empreendedor<\/h3>\n\n\n\n<p class=\"wp-block-paragraph\">\u200bA m\u00e9dia mensal de constitui\u00e7\u00f5es de empresas, que em 2025 foi de 33.744, foi superada logo no primeiro m\u00eas deste ano. Al\u00e9m do n\u00famero bruto de aberturas, o <strong>saldo l\u00edquido<\/strong> (diferen\u00e7a entre empresas abertas e fechadas) tamb\u00e9m apresentou desempenho positivo, com <strong>22.105 novos CNPJs ativos<\/strong> em janeiro, um aumento de 6,7% em rela\u00e7\u00e3o a 2025.<\/p>\n\n\n\n<blockquote class=\"wp-block-quote is-layout-flow wp-block-quote-is-layout-flow\">\n<p class=\"wp-block-paragraph\">\u200b<strong>Nota:<\/strong> Os dados da Jucesp n\u00e3o incluem os Microempreendedores Individuais (MEIs), que s\u00e3o registrados diretamente via Governo Federal. Se somados, os n\u00fameros de novos empreendedores seriam significativamente maiores.<\/p>\n<\/blockquote>\n\n\n\n<h3 class=\"wp-block-heading\">\u200bFatores de crescimento e incentivos<\/h3>\n\n\n\n<p class=\"wp-block-paragraph\">\u200bDe acordo com o secret\u00e1rio de Desenvolvimento Econ\u00f4mico, <strong>Jorge Lima<\/strong>, o recorde \u00e9 fruto de pol\u00edticas p\u00fablicas voltadas \u00e0 desburocratiza\u00e7\u00e3o e ao apoio direto ao investidor. Entre as iniciativas que sustentam esse avan\u00e7o em 2026, destacam-se:<\/p>\n\n\n\n<ul class=\"wp-block-list\">\n<li>\u200b<strong>Programa SP na Dire\u00e7\u00e3o Certa:<\/strong> Focado na moderniza\u00e7\u00e3o da m\u00e1quina p\u00fablica e na agilidade dos processos de licenciamento.<\/li>\n\n\n\n<li>\u200b<strong>Oferta de Cr\u00e9dito:<\/strong> O Governo de SP liberou mais de <strong>R$ 800 milh\u00f5es<\/strong> em linhas de cr\u00e9dito via Banco do Povo e Desenvolve SP, com foco especial em micro e pequenas empresas.<\/li>\n\n\n\n<li>\u200b<strong>Descentraliza\u00e7\u00e3o Econ\u00f4mica:<\/strong> Embora a Regi\u00e3o Metropolitana de S\u00e3o Paulo lidere em n\u00fameros absolutos (mais de 246 mil empresas em 2025), cidades como <strong>Campinas, Sorocaba e S\u00e3o Jos\u00e9 dos Campos<\/strong> apresentaram taxas de crescimento relativo superiores \u00e0 capital, impulsionadas pelo setor de servi\u00e7os e tecnologia.<\/li>\n<\/ul>\n\n\n\n<h3 class=\"wp-block-heading\">\u200bSetores em destaque<\/h3>\n\n\n\n<p class=\"wp-block-paragraph\">\u200bO setor de <strong>Servi\u00e7os<\/strong> continua sendo a principal porta de entrada para novos empreendedores, registrando altas superiores a 16% em segmentos como tecnologia da informa\u00e7\u00e3o e economia criativa. O com\u00e9rcio varejista de vestu\u00e1rio e as atividades de cuidados com a beleza tamb\u00e9m aparecem no topo da lista de novos neg\u00f3cios beneficiados por microcr\u00e9dito estadual.<\/p>\n\n\n\n<p class=\"wp-block-paragraph\">\u200bPara o presidente da Jucesp, <strong>M\u00e1rcio Massao Shimomoto<\/strong>, a digitaliza\u00e7\u00e3o total do processo de abertura de empresas \u2014 que permite a formaliza\u00e7\u00e3o de um neg\u00f3cio em poucos minutos em muitos munic\u00edpios \u2014 \u00e9 o diferencial competitivo que mant\u00e9m S\u00e3o Paulo atraindo investimentos mesmo em per\u00edodos de incerteza global.<\/p>\n","protected":false},"excerpt":{"rendered":"<p>O estado de S\u00e3o Paulo consolidou sua posi\u00e7\u00e3o como o principal motor econ\u00f4mico do pa\u00eds ao registrar, em janeiro de 2026, a marca hist\u00f3rica de [&#8230;]<\/p>\n","protected":false},"author":1,"featured_media":4196,"comment_status":"open","ping_status":"open","sticky":false,"template":"","format":"standard","meta":{"_crdt_document":"","_jetpack_memberships_contains_paid_content":false,"footnotes":"","jetpack_publicize_message":"","jetpack_publicize_feature_enabled":true,"jetpack_social_post_already_shared":true,"jetpack_social_options":{"image_generator_settings":{"template":"highway","default_image_id":0,"font":"","enabled":false},"version":2}},"categories":[10],"tags":[],"class_list":["post-4195","post","type-post","status-publish","format-standard","has-post-thumbnail","hentry","category-economia"],"jetpack_publicize_connections":[],"jetpack_featured_media_url":"https:\/\/i0.wp.com\/oexpressobr.com.br\/wp-content\/uploads\/2026\/02\/IMG-20260219-WA0163.jpg?fit=750%2C500&ssl=1","jetpack_likes_enabled":true,"jetpack_sharing_enabled":true,"_links":{"self":[{"href":"https:\/\/oexpressobr.com.br\/index.php?rest_route=\/wp\/v2\/posts\/4195","targetHints":{"allow":["GET"]}}],"collection":[{"href":"https:\/\/oexpressobr.com.br\/index.php?rest_route=\/wp\/v2\/posts"}],"about":[{"href":"https:\/\/oexpressobr.com.br\/index.php?rest_route=\/wp\/v2\/types\/post"}],"author":[{"embeddable":true,"href":"https:\/\/oexpressobr.com.br\/index.php?rest_route=\/wp\/v2\/users\/1"}],"replies":[{"embeddable":true,"href":"https:\/\/oexpressobr.com.br\/index.php?rest_route=%2Fwp%2Fv2%2Fcomments&post=4195"}],"version-history":[{"count":1,"href":"https:\/\/oexpressobr.com.br\/index.php?rest_route=\/wp\/v2\/posts\/4195\/revisions"}],"predecessor-version":[{"id":4197,"href":"https:\/\/oexpressobr.com.br\/index.php?rest_route=\/wp\/v2\/posts\/4195\/revisions\/4197"}],"wp:featuredmedia":[{"embeddable":true,"href":"https:\/\/oexpressobr.com.br\/index.php?rest_route=\/wp\/v2\/media\/4196"}],"wp:attachment":[{"href":"https:\/\/oexpressobr.com.br\/index.php?rest_route=%2Fwp%2Fv2%2Fmedia&parent=4195"}],"wp:term":[{"taxonomy":"category","embeddable":true,"href":"https:\/\/oexpressobr.com.br\/index.php?rest_route=%2Fwp%2Fv2%2Fcategories&post=4195"},{"taxonomy":"post_tag","embeddable":true,"href":"https:\/\/oexpressobr.com.br\/index.php?rest_route=%2Fwp%2Fv2%2Ftags&post=4195"}],"curies":[{"name":"wp","href":"https:\/\/api.w.org\/{rel}","templated":true}]}}