{"id":4198,"date":"2026-02-19T11:47:33","date_gmt":"2026-02-19T14:47:33","guid":{"rendered":"https:\/\/oexpressobr.com.br\/?p=4198"},"modified":"2026-02-19T11:47:35","modified_gmt":"2026-02-19T14:47:35","slug":"zuckerberg-defende-uso-de-filtros-no-instagram-em-tribunal-sob-acusacao-de-danos-a-saude-mental-de-jovens","status":"publish","type":"post","link":"https:\/\/oexpressobr.com.br\/?p=4198","title":{"rendered":"ZUCKERBERG defende uso de filtros no Instagram em tribunal sob acusa\u00e7\u00e3o de danos \u00e0 sa\u00fade mental de jovens"},"content":{"rendered":"\n<p class=\"wp-block-paragraph\"><strong>LOS ANGELES<\/strong> \u2013 Em um depoimento hist\u00f3rico prestado nesta semana perante o Tribunal Superior do Condado de Los Angeles, o CEO da Meta, Mark Zuckerberg, defendeu as escolhas de design do Instagram, incluindo o pol\u00eamico uso de filtros de apar\u00eancia. O executivo enfrentou um j\u00fari popular no que est\u00e1 sendo considerado o primeiro grande julgamento nos Estados Unidos a investigar se as redes sociais foram projetadas deliberadamente para viciar e prejudicar a sa\u00fade mental de crian\u00e7as e adolescentes.<\/p>\n\n\n\n<p class=\"wp-block-paragraph\">\u200bA a\u00e7\u00e3o central, movida por uma jovem de 20 anos identificada como Kaley G.M., acusa a Meta e o Google de criarem ferramentas &#8220;viciantes&#8221; que agravaram seus transtornos psicol\u00f3gicos. Zuckerberg, por sua vez, manteve a postura de que a ci\u00eancia ainda n\u00e3o provou de forma conclusiva a rela\u00e7\u00e3o direta entre o uso de redes sociais e danos \u00e0 sa\u00fade mental, alegando que sua prioridade foi garantir a &#8220;livre express\u00e3o&#8221; dos usu\u00e1rios.<\/p>\n\n\n\n<h3 class=\"wp-block-heading\">\u200bO embate sobre os filtros de &#8220;cirurgia pl\u00e1stica&#8221;<\/h3>\n\n\n\n<p class=\"wp-block-paragraph\">\u200bUm dos pontos mais cr\u00edticos do interrogat\u00f3rio envolveu documentos internos da Meta que vieram a p\u00fablico em processos recentes. Estes arquivos sugerem que funcion\u00e1rios e especialistas da pr\u00f3pria empresa alertaram Zuckerberg sobre o impacto negativo dos filtros que simulam cirurgias pl\u00e1sticas e alteram fei\u00e7\u00f5es f\u00edsicas, especialmente entre adolescentes com dismorfia corporal.<\/p>\n\n\n\n<p class=\"wp-block-paragraph\">\u200bAo ser questionado sobre o motivo de ter mantido esses recursos apesar dos alertas, Zuckerberg afirmou ter uma &#8220;barra alta&#8221; (crit\u00e9rio rigoroso) para restringir ferramentas que permitam a express\u00e3o criativa dos usu\u00e1rios. Ele argumentou que filtros s\u00e3o formas de arte e comunica\u00e7\u00e3o, minimizando a ideia de que seriam projetados para causar compuls\u00e3o ou inseguran\u00e7a.<\/p>\n\n\n\n<h3 class=\"wp-block-heading\">\u200bEstrat\u00e9gia de defesa e contexto global<\/h3>\n\n\n\n<p class=\"wp-block-paragraph\">\u200bA defesa da Meta sustenta que os problemas de sa\u00fade mental da autora derivam de uma &#8220;inf\u00e2ncia conturbada&#8221; e fatores externos, e n\u00e3o da plataforma. Zuckerberg tamb\u00e9m reiterou que a empresa tomou medidas recentes, como:<\/p>\n\n\n\n<ul class=\"wp-block-list\">\n<li>\u200b<strong>Restri\u00e7\u00f5es de idade:<\/strong> Implementa\u00e7\u00e3o de contas &#8220;PG-13&#8221; para menores.<\/li>\n\n\n\n<li>\u200b<strong>Apoio parental:<\/strong> Novos recursos de supervis\u00e3o para pais.<\/li>\n\n\n\n<li>\u200b<strong>Fim da m\u00e9trica de tempo:<\/strong> O CEO alegou que a Meta n\u00e3o foca mais em maximizar o tempo de tela, mas sim na &#8220;utilidade&#8221; do servi\u00e7o.<\/li>\n<\/ul>\n\n\n\n<h3 class=\"wp-block-heading\">\u200bRepercuss\u00e3o e futuro das Big Techs<\/h3>\n\n\n\n<p class=\"wp-block-paragraph\">\u200bO desfecho deste julgamento em Los Angeles \u00e9 monitorado globalmente, pois serve como um &#8220;caso-teste&#8221; para centenas de outras a\u00e7\u00f5es semelhantes. Recentemente, pa\u00edses como a Austr\u00e1lia e estados como a Fl\u00f3rida (EUA) j\u00e1 aprovaram leis rigorosas proibindo ou restringindo o acesso de menores de 16 anos \u00e0s redes sociais.<\/p>\n\n\n\n<p class=\"wp-block-paragraph\">\u200bSe a Meta for considerada culpada, a empresa poder\u00e1 enfrentar indeniza\u00e7\u00f5es bilion\u00e1rias e ser for\u00e7ada a realizar mudan\u00e7as estruturais profundas no funcionamento do Instagram e do Facebook, alterando definitivamente a experi\u00eancia digital para a nova gera\u00e7\u00e3o.<\/p>\n","protected":false},"excerpt":{"rendered":"<p>LOS ANGELES \u2013 Em um depoimento hist\u00f3rico prestado nesta semana perante o Tribunal Superior do Condado de Los Angeles, o CEO da Meta, Mark Zuckerberg, [&#8230;]<\/p>\n","protected":false},"author":1,"featured_media":4199,"comment_status":"open","ping_status":"open","sticky":false,"template":"","format":"standard","meta":{"_crdt_document":"","_jetpack_memberships_contains_paid_content":false,"footnotes":"","jetpack_publicize_message":"","jetpack_publicize_feature_enabled":true,"jetpack_social_post_already_shared":true,"jetpack_social_options":{"image_generator_settings":{"template":"highway","default_image_id":0,"font":"","enabled":false},"version":2}},"categories":[63],"tags":[],"class_list":["post-4198","post","type-post","status-publish","format-standard","has-post-thumbnail","hentry","category-tecnologia"],"jetpack_publicize_connections":[],"jetpack_featured_media_url":"https:\/\/i0.wp.com\/oexpressobr.com.br\/wp-content\/uploads\/2026\/02\/IMG-20260219-WA0165.jpg?fit=750%2C500&ssl=1","jetpack_likes_enabled":true,"jetpack_sharing_enabled":true,"_links":{"self":[{"href":"https:\/\/oexpressobr.com.br\/index.php?rest_route=\/wp\/v2\/posts\/4198","targetHints":{"allow":["GET"]}}],"collection":[{"href":"https:\/\/oexpressobr.com.br\/index.php?rest_route=\/wp\/v2\/posts"}],"about":[{"href":"https:\/\/oexpressobr.com.br\/index.php?rest_route=\/wp\/v2\/types\/post"}],"author":[{"embeddable":true,"href":"https:\/\/oexpressobr.com.br\/index.php?rest_route=\/wp\/v2\/users\/1"}],"replies":[{"embeddable":true,"href":"https:\/\/oexpressobr.com.br\/index.php?rest_route=%2Fwp%2Fv2%2Fcomments&post=4198"}],"version-history":[{"count":1,"href":"https:\/\/oexpressobr.com.br\/index.php?rest_route=\/wp\/v2\/posts\/4198\/revisions"}],"predecessor-version":[{"id":4200,"href":"https:\/\/oexpressobr.com.br\/index.php?rest_route=\/wp\/v2\/posts\/4198\/revisions\/4200"}],"wp:featuredmedia":[{"embeddable":true,"href":"https:\/\/oexpressobr.com.br\/index.php?rest_route=\/wp\/v2\/media\/4199"}],"wp:attachment":[{"href":"https:\/\/oexpressobr.com.br\/index.php?rest_route=%2Fwp%2Fv2%2Fmedia&parent=4198"}],"wp:term":[{"taxonomy":"category","embeddable":true,"href":"https:\/\/oexpressobr.com.br\/index.php?rest_route=%2Fwp%2Fv2%2Fcategories&post=4198"},{"taxonomy":"post_tag","embeddable":true,"href":"https:\/\/oexpressobr.com.br\/index.php?rest_route=%2Fwp%2Fv2%2Ftags&post=4198"}],"curies":[{"name":"wp","href":"https:\/\/api.w.org\/{rel}","templated":true}]}}