{"id":4201,"date":"2026-02-19T11:52:45","date_gmt":"2026-02-19T14:52:45","guid":{"rendered":"https:\/\/oexpressobr.com.br\/?p=4201"},"modified":"2026-02-19T11:52:47","modified_gmt":"2026-02-19T14:52:47","slug":"lula-critica-poder-das-big-techs-e-propoe-governanca-global-da-ia-em-cupula-internacional","status":"publish","type":"post","link":"https:\/\/oexpressobr.com.br\/?p=4201","title":{"rendered":"Lula critica poder das Big Techs e prop\u00f5e governan\u00e7a global da IA em c\u00fapula internacional"},"content":{"rendered":"\n<p class=\"wp-block-paragraph\">Em um movimento estrat\u00e9gico para posicionar o Brasil como lideran\u00e7a do Sul Global na era digital, o presidente Luiz In\u00e1cio Lula da Silva aproveitou sua agenda internacional para disparar cr\u00edticas contundentes \u00e0 concentra\u00e7\u00e3o de poder nas m\u00e3os das gigantes de tecnologia (<strong>Big Techs<\/strong>). Durante encontros com chefes de Estado, Lula defendeu a cria\u00e7\u00e3o de uma governan\u00e7a <strong>multilateral<\/strong> para a Intelig\u00eancia Artificial (IA), argumentando que o desenvolvimento dessa tecnologia n\u00e3o pode ficar restrito aos interesses de poucas empresas ou na\u00e7\u00f5es ricas.<\/p>\n\n\n\n<h3 class=\"wp-block-heading\">\u200bO foco na &#8220;Soberania Digital&#8221;<\/h3>\n\n\n\n<p class=\"wp-block-paragraph\">\u200bO discurso brasileiro foca em tr\u00eas pilares principais que Lula tem levado \u00e0s mesas de negocia\u00e7\u00e3o:<\/p>\n\n\n\n<ul class=\"wp-block-list\">\n<li>\u200b<strong>Redu\u00e7\u00e3o da Desigualdade:<\/strong> O temor de que a IA aprofunde o abismo entre economias desenvolvidas e em desenvolvimento.<\/li>\n\n\n\n<li>\u200b<strong>Controle de Algoritmos:<\/strong> A cr\u00edtica direta ao papel das plataformas na dissemina\u00e7\u00e3o de desinforma\u00e7\u00e3o e discursos de \u00f3dio.<\/li>\n\n\n\n<li>\u200b<strong>Autonomia Tecnol\u00f3gica:<\/strong> A defesa de que pa\u00edses em desenvolvimento possuam infraestrutura pr\u00f3pria para n\u00e3o se tornarem meros &#8220;exportadores de dados e importadores de intelig\u00eancia&#8221;.<\/li>\n<\/ul>\n\n\n\n<h3 class=\"wp-block-heading\">\u200bO cen\u00e1rio atual e os desdobramentos<\/h3>\n\n\n\n<p class=\"wp-block-paragraph\">\u200bA postura de Lula ecoa um sentimento crescente na Uni\u00e3o Europeia e em outros blocos, mas com um toque de diplomacia voltada para o <strong>G20<\/strong> e o <strong>BRICS<\/strong>. O Brasil busca consolidar um marco regulat\u00f3rio que equilibre a inova\u00e7\u00e3o econ\u00f4mica com a prote\u00e7\u00e3o social.<\/p>\n\n\n\n<p class=\"wp-block-paragraph\">\u200bRecentemente, essa pauta ganhou for\u00e7a com o envio de projetos de lei ao Congresso Nacional que visam regulamentar o uso da IA no Brasil, alinhando a pol\u00edtica interna com o discurso externo de Lula. O presidente sustenta que, sem uma regula\u00e7\u00e3o coordenada pela ONU ou outros organismos internacionais, a IA servir\u00e1 apenas para &#8220;maximizar lucros e minimizar empregos&#8221;.<\/p>\n\n\n\n<blockquote class=\"wp-block-quote is-layout-flow wp-block-quote-is-layout-flow\">\n<p class=\"wp-block-paragraph\">\u200b&#8221;N\u00e3o podemos permitir que a intelig\u00eancia artificial seja uma ferramenta de domina\u00e7\u00e3o que perpetue as injusti\u00e7as do passado.&#8221; \u2014 Trecho adaptado da posi\u00e7\u00e3o diplom\u00e1tica brasileira.<\/p>\n<\/blockquote>\n","protected":false},"excerpt":{"rendered":"<p>Em um movimento estrat\u00e9gico para posicionar o Brasil como lideran\u00e7a do Sul Global na era digital, o presidente Luiz In\u00e1cio Lula da Silva aproveitou sua [&#8230;]<\/p>\n","protected":false},"author":1,"featured_media":4202,"comment_status":"open","ping_status":"open","sticky":false,"template":"","format":"standard","meta":{"_crdt_document":"","_jetpack_memberships_contains_paid_content":false,"footnotes":"","jetpack_publicize_message":"","jetpack_publicize_feature_enabled":true,"jetpack_social_post_already_shared":true,"jetpack_social_options":{"image_generator_settings":{"template":"highway","default_image_id":0,"font":"","enabled":false},"version":2}},"categories":[15],"tags":[],"class_list":["post-4201","post","type-post","status-publish","format-standard","has-post-thumbnail","hentry","category-internacional"],"jetpack_publicize_connections":[],"jetpack_featured_media_url":"https:\/\/i0.wp.com\/oexpressobr.com.br\/wp-content\/uploads\/2026\/02\/IMG-20260219-WA0167.jpg?fit=750%2C417&ssl=1","jetpack_likes_enabled":true,"jetpack_sharing_enabled":true,"_links":{"self":[{"href":"https:\/\/oexpressobr.com.br\/index.php?rest_route=\/wp\/v2\/posts\/4201","targetHints":{"allow":["GET"]}}],"collection":[{"href":"https:\/\/oexpressobr.com.br\/index.php?rest_route=\/wp\/v2\/posts"}],"about":[{"href":"https:\/\/oexpressobr.com.br\/index.php?rest_route=\/wp\/v2\/types\/post"}],"author":[{"embeddable":true,"href":"https:\/\/oexpressobr.com.br\/index.php?rest_route=\/wp\/v2\/users\/1"}],"replies":[{"embeddable":true,"href":"https:\/\/oexpressobr.com.br\/index.php?rest_route=%2Fwp%2Fv2%2Fcomments&post=4201"}],"version-history":[{"count":1,"href":"https:\/\/oexpressobr.com.br\/index.php?rest_route=\/wp\/v2\/posts\/4201\/revisions"}],"predecessor-version":[{"id":4203,"href":"https:\/\/oexpressobr.com.br\/index.php?rest_route=\/wp\/v2\/posts\/4201\/revisions\/4203"}],"wp:featuredmedia":[{"embeddable":true,"href":"https:\/\/oexpressobr.com.br\/index.php?rest_route=\/wp\/v2\/media\/4202"}],"wp:attachment":[{"href":"https:\/\/oexpressobr.com.br\/index.php?rest_route=%2Fwp%2Fv2%2Fmedia&parent=4201"}],"wp:term":[{"taxonomy":"category","embeddable":true,"href":"https:\/\/oexpressobr.com.br\/index.php?rest_route=%2Fwp%2Fv2%2Fcategories&post=4201"},{"taxonomy":"post_tag","embeddable":true,"href":"https:\/\/oexpressobr.com.br\/index.php?rest_route=%2Fwp%2Fv2%2Ftags&post=4201"}],"curies":[{"name":"wp","href":"https:\/\/api.w.org\/{rel}","templated":true}]}}