{"id":4204,"date":"2026-02-19T11:57:15","date_gmt":"2026-02-19T14:57:15","guid":{"rendered":"https:\/\/oexpressobr.com.br\/?p=4204"},"modified":"2026-02-19T11:57:16","modified_gmt":"2026-02-19T14:57:16","slug":"academicos-de-niteroi-gera-polemica-com-evangelicos-e-pastor-do-pt-minimiza-impacto","status":"publish","type":"post","link":"https:\/\/oexpressobr.com.br\/?p=4204","title":{"rendered":"Acad\u00eamicos de Niter\u00f3i gera pol\u00eamica com evang\u00e9licos e pastor do PT minimiza impacto"},"content":{"rendered":"\n<p class=\"wp-block-paragraph\">O desfile da <strong>Acad\u00eamicos de Niter\u00f3i<\/strong> na Sapuca\u00ed, que homenageou o presidente Luiz In\u00e1cio Lula da Silva, continua a gerar desdobramentos pol\u00edticos e religiosos. O ponto central da controv\u00e9rsia foi a ala <strong>\u201cNeoconservadores em conserva\u201d<\/strong>, na qual integrantes desfilaram dentro de grandes latas que estampavam a frase &#8220;fam\u00edlia tradicional&#8221;, em uma clara s\u00e1tira a setores conservadores e religiosos.<\/p>\n\n\n\n<p class=\"wp-block-paragraph\">\u200bO pastor batista <strong>Oliver Costa Goiano<\/strong>, coordenador nacional do n\u00facleo de evang\u00e9licos do PT, classificou a escolha da fantasia como um <strong>&#8220;excesso&#8221;<\/strong>. Em entrevista, o pastor ponderou que a liberdade art\u00edstica n\u00e3o deve flertar com o que pode ser interpretado como zombaria religiosa, especialmente em um ano eleitoral.<\/p>\n\n\n\n<h3 class=\"wp-block-heading\">\u200bOs pontos centrais da pol\u00eamica<\/h3>\n\n\n\n<ul class=\"wp-block-list\">\n<li>\u200b<strong>A Fantasia:<\/strong> A ala utilizou latas de conserva como met\u00e1fora para o que a escola descreveu como o &#8220;congelamento&#8221; de valores da fam\u00edlia tradicional e do neoconservadorismo.<\/li>\n\n\n\n<li>\u200b<strong>Rea\u00e7\u00e3o da Oposi\u00e7\u00e3o:<\/strong> Parlamentares conservadores, como o deputado Nikolas Ferreira (PL-MG), utilizaram as redes sociais para acusar a escola de intoler\u00e2ncia religiosa e deboche contra os crist\u00e3os. O governador de Minas Gerais, Romeu Zema, chegou a anunciar que acionaria a Justi\u00e7a contra a agremia\u00e7\u00e3o.<\/li>\n\n\n\n<li>\u200b<strong>Impacto Eleitoral:<\/strong> Apesar das cr\u00edticas, Oliver Goiano afirmou n\u00e3o ver risco ao desempenho eleitoral do PT entre o p\u00fablico evang\u00e9lico. Segundo ele, a maioria dos fi\u00e9is n\u00e3o define seu voto com base no Carnaval, at\u00e9 por muitos n\u00e3o acompanharem os desfiles.<\/li>\n<\/ul>\n\n\n\n<p class=\"wp-block-paragraph\">O epis\u00f3dio refor\u00e7a o desafio constante do Partido dos Trabalhadores em equilibrar o di\u00e1logo com sua base cultural e art\u00edstica e a aproxima\u00e7\u00e3o estrat\u00e9gica com o eleitorado evang\u00e9lico, segmento que se mostrou decisivo em pleitos recentes.<\/p>\n","protected":false},"excerpt":{"rendered":"<p>O desfile da Acad\u00eamicos de Niter\u00f3i na Sapuca\u00ed, que homenageou o presidente Luiz In\u00e1cio Lula da Silva, continua a gerar desdobramentos pol\u00edticos e religiosos. O [&#8230;]<\/p>\n","protected":false},"author":1,"featured_media":4205,"comment_status":"open","ping_status":"open","sticky":false,"template":"","format":"standard","meta":{"_crdt_document":"","_jetpack_memberships_contains_paid_content":false,"footnotes":"","jetpack_publicize_message":"","jetpack_publicize_feature_enabled":true,"jetpack_social_post_already_shared":true,"jetpack_social_options":{"image_generator_settings":{"template":"highway","default_image_id":0,"font":"","enabled":false},"version":2}},"categories":[3],"tags":[],"class_list":["post-4204","post","type-post","status-publish","format-standard","has-post-thumbnail","hentry","category-brasil"],"jetpack_publicize_connections":[],"jetpack_featured_media_url":"https:\/\/i0.wp.com\/oexpressobr.com.br\/wp-content\/uploads\/2026\/02\/IMG-20260219-WA0169.jpg?fit=900%2C506&ssl=1","jetpack_likes_enabled":true,"jetpack_sharing_enabled":true,"_links":{"self":[{"href":"https:\/\/oexpressobr.com.br\/index.php?rest_route=\/wp\/v2\/posts\/4204","targetHints":{"allow":["GET"]}}],"collection":[{"href":"https:\/\/oexpressobr.com.br\/index.php?rest_route=\/wp\/v2\/posts"}],"about":[{"href":"https:\/\/oexpressobr.com.br\/index.php?rest_route=\/wp\/v2\/types\/post"}],"author":[{"embeddable":true,"href":"https:\/\/oexpressobr.com.br\/index.php?rest_route=\/wp\/v2\/users\/1"}],"replies":[{"embeddable":true,"href":"https:\/\/oexpressobr.com.br\/index.php?rest_route=%2Fwp%2Fv2%2Fcomments&post=4204"}],"version-history":[{"count":1,"href":"https:\/\/oexpressobr.com.br\/index.php?rest_route=\/wp\/v2\/posts\/4204\/revisions"}],"predecessor-version":[{"id":4206,"href":"https:\/\/oexpressobr.com.br\/index.php?rest_route=\/wp\/v2\/posts\/4204\/revisions\/4206"}],"wp:featuredmedia":[{"embeddable":true,"href":"https:\/\/oexpressobr.com.br\/index.php?rest_route=\/wp\/v2\/media\/4205"}],"wp:attachment":[{"href":"https:\/\/oexpressobr.com.br\/index.php?rest_route=%2Fwp%2Fv2%2Fmedia&parent=4204"}],"wp:term":[{"taxonomy":"category","embeddable":true,"href":"https:\/\/oexpressobr.com.br\/index.php?rest_route=%2Fwp%2Fv2%2Fcategories&post=4204"},{"taxonomy":"post_tag","embeddable":true,"href":"https:\/\/oexpressobr.com.br\/index.php?rest_route=%2Fwp%2Fv2%2Ftags&post=4204"}],"curies":[{"name":"wp","href":"https:\/\/api.w.org\/{rel}","templated":true}]}}