{"id":4207,"date":"2026-02-19T12:01:11","date_gmt":"2026-02-19T15:01:11","guid":{"rendered":"https:\/\/oexpressobr.com.br\/?p=4207"},"modified":"2026-02-19T12:01:13","modified_gmt":"2026-02-19T15:01:13","slug":"policia-britanica-prende-principe-andrew-em-residencia-real-por-ligacoes-com-caso-epstein","status":"publish","type":"post","link":"https:\/\/oexpressobr.com.br\/?p=4207","title":{"rendered":"Pol\u00edcia brit\u00e2nica prende pr\u00edncipe Andrew em resid\u00eancia real por liga\u00e7\u00f5es com caso Epstein"},"content":{"rendered":"\n<p class=\"wp-block-paragraph\">Nesta quinta-feira (19), o cen\u00e1rio pol\u00edtico e a monarquia brit\u00e2nica foram abalados pela not\u00edcia de que o <strong>pr\u00edncipe Andrew<\/strong> foi detido pela pol\u00edcia em sua resid\u00eancia. A opera\u00e7\u00e3o, confirmada inicialmente pela rede <strong>BBC<\/strong>, marca um desdobramento sem precedentes nas investiga\u00e7\u00f5es que cercam o c\u00edrculo de contatos do falecido criminoso sexual Jeffrey Epstein.<\/p>\n\n\n\n<h3 class=\"wp-block-heading\">\u200bDetalhes da opera\u00e7\u00e3o policial<\/h3>\n\n\n\n<p class=\"wp-block-paragraph\">\u200bA <strong>Pol\u00edcia do Vale do T\u00e2misa<\/strong> emitiu um comunicado oficial informando que um homem na casa dos 60 anos foi preso sob suspeita de <strong>m\u00e1 conduta no exerc\u00edcio de cargo p\u00fablico<\/strong>. Embora o comunicado siga o protocolo de n\u00e3o nomear suspeitos antes do indiciamento formal, fontes pr\u00f3ximas \u00e0 investiga\u00e7\u00e3o e ve\u00edculos de imprensa internacionais confirmam que se trata do Duque de York.<\/p>\n\n\n\n<ul class=\"wp-block-list\">\n<li>\u200b<strong>Local:<\/strong> A pris\u00e3o ocorreu na propriedade onde o pr\u00edncipe reside, em Windsor.<\/li>\n\n\n\n<li>\u200b<strong>Status:<\/strong> O suspeito permanece sob cust\u00f3dia policial para interrogat\u00f3rio.<\/li>\n\n\n\n<li>\u200b<strong>Contexto:<\/strong> A investiga\u00e7\u00e3o foca em poss\u00edveis omiss\u00f5es ou uso indevido de influ\u00eancia durante o per\u00edodo em que Andrew atuava como representante especial do Reino Unido para com\u00e9rcio e investimento.<\/li>\n<\/ul>\n\n\n\n<h3 class=\"wp-block-heading\">\u200bO peso do caso Epstein<\/h3>\n\n\n\n<p class=\"wp-block-paragraph\">\u200bA queda em desgra\u00e7a de Andrew n\u00e3o \u00e9 recente, mas este novo cap\u00edtulo eleva a gravidade da situa\u00e7\u00e3o. Ap\u00f3s anos de nega\u00e7\u00f5es e um acordo extrajudicial multimilion\u00e1rio com <strong>Virginia Giuffre<\/strong> \u2014 que o acusou de abuso quando ela ainda era menor de idade \u2014, o cerco jur\u00eddico parece ter se fechado com novas evid\u00eancias ou depoimentos coletados recentemente.<\/p>\n\n\n\n<blockquote class=\"wp-block-quote is-layout-flow wp-block-quote-is-layout-flow\">\n<p class=\"wp-block-paragraph\">\u200b&#8221;Esta pris\u00e3o envia um sinal claro de que ningu\u00e9m, independentemente do t\u00edtulo ou linhagem, est\u00e1 acima do escrut\u00ednio da lei quando se trata de crimes de integridade p\u00fablica&#8221;, afirmou um analista jur\u00eddico \u00e0 imprensa local.<\/p>\n<\/blockquote>\n\n\n\n<h3 class=\"wp-block-heading\">\u200bRepercuss\u00e3o no Pal\u00e1cio de Buckingham<\/h3>\n\n\n\n<p class=\"wp-block-paragraph\">\u200bAt\u00e9 o momento, o Pal\u00e1cio de Buckingham n\u00e3o emitiu uma declara\u00e7\u00e3o oficial detalhada, mantendo a postura de que este \u00e9 um &#8220;assunto de pol\u00edcia&#8221;. No entanto, sabe-se que o <strong>Rei Charles III<\/strong> tem buscado distanciar a institui\u00e7\u00e3o mon\u00e1rquica das pol\u00eamicas do irm\u00e3o, tendo inclusive retirado seus t\u00edtulos militares e patroc\u00ednios reais anteriormente.<\/p>\n","protected":false},"excerpt":{"rendered":"<p>Nesta quinta-feira (19), o cen\u00e1rio pol\u00edtico e a monarquia brit\u00e2nica foram abalados pela not\u00edcia de que o pr\u00edncipe Andrew foi detido pela pol\u00edcia em sua [&#8230;]<\/p>\n","protected":false},"author":1,"featured_media":4208,"comment_status":"open","ping_status":"open","sticky":false,"template":"","format":"standard","meta":{"_crdt_document":"","_jetpack_memberships_contains_paid_content":false,"footnotes":"","jetpack_publicize_message":"","jetpack_publicize_feature_enabled":true,"jetpack_social_post_already_shared":true,"jetpack_social_options":{"image_generator_settings":{"template":"highway","default_image_id":0,"font":"","enabled":false},"version":2}},"categories":[15],"tags":[],"class_list":["post-4207","post","type-post","status-publish","format-standard","has-post-thumbnail","hentry","category-internacional"],"jetpack_publicize_connections":[],"jetpack_featured_media_url":"https:\/\/i0.wp.com\/oexpressobr.com.br\/wp-content\/uploads\/2026\/02\/IMG-20260219-WA0170.jpg?fit=1080%2C1350&ssl=1","jetpack_likes_enabled":true,"jetpack_sharing_enabled":true,"_links":{"self":[{"href":"https:\/\/oexpressobr.com.br\/index.php?rest_route=\/wp\/v2\/posts\/4207","targetHints":{"allow":["GET"]}}],"collection":[{"href":"https:\/\/oexpressobr.com.br\/index.php?rest_route=\/wp\/v2\/posts"}],"about":[{"href":"https:\/\/oexpressobr.com.br\/index.php?rest_route=\/wp\/v2\/types\/post"}],"author":[{"embeddable":true,"href":"https:\/\/oexpressobr.com.br\/index.php?rest_route=\/wp\/v2\/users\/1"}],"replies":[{"embeddable":true,"href":"https:\/\/oexpressobr.com.br\/index.php?rest_route=%2Fwp%2Fv2%2Fcomments&post=4207"}],"version-history":[{"count":1,"href":"https:\/\/oexpressobr.com.br\/index.php?rest_route=\/wp\/v2\/posts\/4207\/revisions"}],"predecessor-version":[{"id":4209,"href":"https:\/\/oexpressobr.com.br\/index.php?rest_route=\/wp\/v2\/posts\/4207\/revisions\/4209"}],"wp:featuredmedia":[{"embeddable":true,"href":"https:\/\/oexpressobr.com.br\/index.php?rest_route=\/wp\/v2\/media\/4208"}],"wp:attachment":[{"href":"https:\/\/oexpressobr.com.br\/index.php?rest_route=%2Fwp%2Fv2%2Fmedia&parent=4207"}],"wp:term":[{"taxonomy":"category","embeddable":true,"href":"https:\/\/oexpressobr.com.br\/index.php?rest_route=%2Fwp%2Fv2%2Fcategories&post=4207"},{"taxonomy":"post_tag","embeddable":true,"href":"https:\/\/oexpressobr.com.br\/index.php?rest_route=%2Fwp%2Fv2%2Ftags&post=4207"}],"curies":[{"name":"wp","href":"https:\/\/api.w.org\/{rel}","templated":true}]}}