{"id":4210,"date":"2026-02-19T12:07:45","date_gmt":"2026-02-19T15:07:45","guid":{"rendered":"https:\/\/oexpressobr.com.br\/?p=4210"},"modified":"2026-02-19T12:07:46","modified_gmt":"2026-02-19T15:07:46","slug":"ministerio-publico-denuncia-homem-que-ocultou-morte-da-mae-idosa-por-15-dias-em-guaira","status":"publish","type":"post","link":"https:\/\/oexpressobr.com.br\/?p=4210","title":{"rendered":"Minist\u00e9rio P\u00fablico denuncia homem que ocultou morte da m\u00e3e idosa por 15 dias em Gua\u00edra"},"content":{"rendered":"\n<p class=\"wp-block-paragraph\">O <strong>Minist\u00e9rio P\u00fablico do Paran\u00e1 (MPPR)<\/strong> apresentou formalmente uma den\u00fancia contra o homem investigado por esconder a morte da pr\u00f3pria m\u00e3e, uma idosa de 83 anos, em <strong>Gua\u00edra<\/strong>, no oeste do estado. O corpo da v\u00edtima foi encontrado em janeiro de 2026, em avan\u00e7ado estado de decomposi\u00e7\u00e3o, ap\u00f3s passar cerca de duas semanas no interior da resid\u00eancia da fam\u00edlia.<\/p>\n\n\n\n<h3 class=\"wp-block-heading\">\u200bDetalhes do Caso<\/h3>\n\n\n\n<p class=\"wp-block-paragraph\">\u200bA descoberta ocorreu ap\u00f3s o irm\u00e3o da idosa, que reside em Goi\u00e1s, viajar mais de mil quil\u00f4metros at\u00e9 o Paran\u00e1 devido \u00e0 falta de not\u00edcias da irm\u00e3. Ao chegar \u00e0 resid\u00eancia na zona rural, ele foi inicialmente impedido de entrar pelo sobrinho, mas insistiu e encontrou a mulher ca\u00edda no ch\u00e3o de um dos quartos, ao lado de seu andador.<\/p>\n\n\n\n<p class=\"wp-block-paragraph\">\u200bDe acordo com as investiga\u00e7\u00f5es e os novos desdobramentos:<\/p>\n\n\n\n<ul class=\"wp-block-list\">\n<li>\u200b<strong>Omiss\u00e3o Deliberada:<\/strong> O filho, que era o respons\u00e1vel direto pelos cuidados da idosa, confessou ter ci\u00eancia do \u00f3bito.<\/li>\n\n\n\n<li>\u200b<strong>A Justificativa:<\/strong> Em depoimento, o homem alegou que n\u00e3o comunicou a morte \u00e0s autoridades ou familiares por <strong>&#8220;medo de ser acusado de maus-tratos&#8221;<\/strong>.<\/li>\n\n\n\n<li>\u200b<strong>Falsa Informa\u00e7\u00e3o:<\/strong> Testemunhas relataram que, durante o per\u00edodo de 15 dias, o suspeito chegou a dizer a vizinhos e amigos que a m\u00e3e teria viajado para visitar parentes.<\/li>\n<\/ul>\n\n\n\n<h3 class=\"wp-block-heading\">\u200bA Den\u00fancia do Minist\u00e9rio P\u00fablico<\/h3>\n\n\n\n<p class=\"wp-block-paragraph\">\u200bO MPPR baseou a den\u00fancia n\u00e3o apenas na oculta\u00e7\u00e3o, mas no contexto de vulnerabilidade da v\u00edtima. A idosa possu\u00eda dificuldades de locomo\u00e7\u00e3o e dependia inteiramente do filho. A promotoria avalia crimes que podem incluir <strong>abandono de incapaz com resultado morte<\/strong> e <strong>oculta\u00e7\u00e3o de cad\u00e1ver<\/strong>.<\/p>\n\n\n\n<p class=\"wp-block-paragraph\">\u200bO estado em que o corpo foi localizado indica que a idosa pode ter sofrido antes do falecimento, o que agrava a situa\u00e7\u00e3o jur\u00eddica do denunciado.<\/p>\n\n\n\n<blockquote class=\"wp-block-quote is-layout-flow wp-block-quote-is-layout-flow\">\n<p class=\"wp-block-paragraph\">\u200b&#8221;O sil\u00eancio do cuidador diante da morte de algu\u00e9m sob sua responsabilidade n\u00e3o \u00e9 apenas uma falha \u00e9tica, mas uma infra\u00e7\u00e3o penal grave que impede a dignidade do luto e a investiga\u00e7\u00e3o da causa mortis.&#8221;<\/p>\n<\/blockquote>\n\n\n\n<p class=\"wp-block-paragraph\"><\/p>\n","protected":false},"excerpt":{"rendered":"<p>O Minist\u00e9rio P\u00fablico do Paran\u00e1 (MPPR) apresentou formalmente uma den\u00fancia contra o homem investigado por esconder a morte da pr\u00f3pria m\u00e3e, uma idosa de 83 [&#8230;]<\/p>\n","protected":false},"author":1,"featured_media":4211,"comment_status":"open","ping_status":"open","sticky":false,"template":"","format":"standard","meta":{"_crdt_document":"","_jetpack_memberships_contains_paid_content":false,"footnotes":"","jetpack_publicize_message":"","jetpack_publicize_feature_enabled":true,"jetpack_social_post_already_shared":true,"jetpack_social_options":{"image_generator_settings":{"template":"highway","default_image_id":0,"font":"","enabled":false},"version":2}},"categories":[9],"tags":[],"class_list":["post-4210","post","type-post","status-publish","format-standard","has-post-thumbnail","hentry","category-policia"],"jetpack_publicize_connections":[],"jetpack_featured_media_url":"https:\/\/i0.wp.com\/oexpressobr.com.br\/wp-content\/uploads\/2026\/02\/6123d058a33df-img-4394-copia-1.jpg?fit=984%2C656&ssl=1","jetpack_likes_enabled":true,"jetpack_sharing_enabled":true,"_links":{"self":[{"href":"https:\/\/oexpressobr.com.br\/index.php?rest_route=\/wp\/v2\/posts\/4210","targetHints":{"allow":["GET"]}}],"collection":[{"href":"https:\/\/oexpressobr.com.br\/index.php?rest_route=\/wp\/v2\/posts"}],"about":[{"href":"https:\/\/oexpressobr.com.br\/index.php?rest_route=\/wp\/v2\/types\/post"}],"author":[{"embeddable":true,"href":"https:\/\/oexpressobr.com.br\/index.php?rest_route=\/wp\/v2\/users\/1"}],"replies":[{"embeddable":true,"href":"https:\/\/oexpressobr.com.br\/index.php?rest_route=%2Fwp%2Fv2%2Fcomments&post=4210"}],"version-history":[{"count":1,"href":"https:\/\/oexpressobr.com.br\/index.php?rest_route=\/wp\/v2\/posts\/4210\/revisions"}],"predecessor-version":[{"id":4212,"href":"https:\/\/oexpressobr.com.br\/index.php?rest_route=\/wp\/v2\/posts\/4210\/revisions\/4212"}],"wp:featuredmedia":[{"embeddable":true,"href":"https:\/\/oexpressobr.com.br\/index.php?rest_route=\/wp\/v2\/media\/4211"}],"wp:attachment":[{"href":"https:\/\/oexpressobr.com.br\/index.php?rest_route=%2Fwp%2Fv2%2Fmedia&parent=4210"}],"wp:term":[{"taxonomy":"category","embeddable":true,"href":"https:\/\/oexpressobr.com.br\/index.php?rest_route=%2Fwp%2Fv2%2Fcategories&post=4210"},{"taxonomy":"post_tag","embeddable":true,"href":"https:\/\/oexpressobr.com.br\/index.php?rest_route=%2Fwp%2Fv2%2Ftags&post=4210"}],"curies":[{"name":"wp","href":"https:\/\/api.w.org\/{rel}","templated":true}]}}